{"id":1060,"date":"2011-04-22T10:15:46","date_gmt":"2011-04-22T14:15:46","guid":{"rendered":"http:\/\/oserchanger.com\/blogue_2\/?p=1060"},"modified":"2017-11-16T09:38:28","modified_gmt":"2017-11-16T14:38:28","slug":"22-avril-jour-de-la-terre","status":"publish","type":"post","link":"https:\/\/oserchanger.com\/blogue_2\/2011\/04\/22\/22-avril-jour-de-la-terre\/","title":{"rendered":"22 avril : Jour de la Terre"},"content":{"rendered":"<p>Aujourd&rsquo;hui, Jour de la terre. On ne parle pas assez de la relation \u00e9troite qu&rsquo;il y a entre la sant\u00e9 mentale de l&rsquo;\u00eatre humain (et des animaux) et ses relations avec l&rsquo;environnement, et j&rsquo;y reviendrai prochainement.<\/p>\n<p>Pour l&rsquo;instant, une bonne fa\u00e7on de c\u00e9l\u00e9brer cette journ\u00e9e, c&rsquo;est de s&rsquo;arr\u00eater quelques instants pour regarder la nature&#8230; m\u00eame \u00e0 travers son ordinateur&#8230; Dans un r\u00e9cent billet, je vous ai parl\u00e9 de ce nid de la Handcock Wildlife Foundation en Colombie Britannique, dans lequel une cam\u00e9ra Web a \u00e9t\u00e9 install\u00e9e pour nous permettre de suivre l&rsquo;\u00e9volution des trois \u0153ufs pondus par un couple de pygargues \u00e0 t\u00eate blanche (faussement nomm\u00e9s aigles \u00e0 t\u00eate blanche), grands rapaces d&rsquo;Am\u00e9rique du Nord. Et bien, aujourd&rsquo;hui, trois oisillons n\u00e9s \u00e0 quelques jours d&rsquo;intervalle se disputent (c&rsquo;est le cas de le dire)\u00a0la nourriture que leur apportent, \u00e0 tour de r\u00f4le, leurs parents qui se relaient pour couver.\u00a0Pour avoir acc\u00e8s aux cam\u00e9ras web, <a href=\"http:\/\/www.hancockwildlife.org\/\" target=\"_blank\">cliquez ici<\/a>.<\/p>\n<p>Pour savoir quel est le m\u00e2le et la femelle, il faut savoir que chez le pygargue \u00e0 t\u00eate blanche, la femelle est 25% plus grosse que le m\u00e2le. Pour se reproduire, il retourne souvent \u00e0 l&rsquo;endroit o\u00f9 il est n\u00e9 et il\u00a0vit g\u00e9n\u00e9ralement pr\u00e8s des c\u00f4tes maritimes, des cours d&rsquo;eau, des lacs riches en poissons, loin des zones habit\u00e9es.<\/p>\n<p>Les couples se reforment chaque ann\u00e9e et ex\u00e9cutent une parade nuptiale\u00a0spectaculaire. Ils s\u2019accrochent tous les deux par les serres en tournoyant en plein ciel, se laissent tomber et se s\u00e9parent juste avant de toucher le sol. Les deux partenaires sont fid\u00e8les l&rsquo;un \u00e0 l&rsquo;autre tout au long de leur vie. Ce lien cesse lorsque l&rsquo;un meurt mais aussi si le couple ne peut se reproduire.<\/p>\n<p>M\u00e2le et femelle construisent ensemble le nid qui peut \u00eatre\u00a0pos\u00e9 sur le sol, accroch\u00e9 \u00e0 une falaise\u00a0ou install\u00e9 sur un buisson ou dans un grand arbre (c&rsquo;est le cas en ce qui concerne ce nid construit en 2008 dans un arbre mort)\u00a0pr\u00e8s d&rsquo;une \u00e9tendue d&rsquo;eau. Le pygargue \u00e0 t\u00eate blanche construit les plus grands nids d&rsquo;Am\u00e9rique du Nord\u00a0: ils peuvent atteindre quatre m\u00e8tres de hauteur, pour\u00a02,5\u00a0m\u00e8tres\u00a0de largeur et peser jusqu&rsquo;\u00e0 une tonne, mais la d\u00e9pression centrale n&rsquo;atteint qu&rsquo;une dizaine de centim\u00e8tres. (Source Wikipedia).<\/p>\n<ul>\n<li><a title=\"Wikipedia\" href=\"http:\/\/fr.wikipedia.org\/wiki\/Pygargue_\u00e0_t\u00eate_blanche\" target=\"_blank\">Pour en savoir plus<\/a> sur le pygargue<\/li>\n<li><a title=\"Site Internet du Jour de la Terre\" href=\"http:\/\/www.jourdelaterre.org\/\" target=\"_blank\">Site Internet du Jour de la Terre<\/a> (pour apprendre des fa\u00e7ons de faire pour que ce soit le Jour de la terre tous les jours.<\/li>\n<\/ul>\n","protected":false},"excerpt":{"rendered":"<p>Pour c\u00e9l\u00e9brer le Jour de la Terre<\/p>\n","protected":false},"author":9,"featured_media":0,"comment_status":"closed","ping_status":"open","sticky":false,"template":"","format":"standard","meta":{"_jetpack_newsletter_access":"","_jetpack_dont_email_post_to_subs":false,"_jetpack_newsletter_tier_id":0,"_jetpack_memberships_contains_paywalled_content":false,"_jetpack_feature_clip_id":0,"_jetpack_memberships_contains_paid_content":false,"footnotes":"","jetpack_post_was_ever_published":false,"tve_updated_post":"","tve_custom_css":"","tve_user_custom_css":"","tve_globals":{},"tcb2_ready":1,"tcb_editor_enabled":0,"tve_landing_page":"","_tve_header":"","_tve_footer":""},"categories":[138,114],"tags":[157,159,147,158],"class_list":["post-1060","post","type-post","status-publish","format-standard","hentry","category-conscience","category-medias","tag-jour-de-la-terre","tag-nature","tag-nidification","tag-pygargue","post-wrapper","thrv_wrapper"],"yoast_head":"<!-- This site is optimized with the Yoast SEO plugin v28.3 - https:\/\/yoast.com\/product\/yoast-seo-wordpress\/ -->\n<title>22 avril : Jour de la Terre - OSERChanger.com<\/title>\n<meta name=\"robots\" content=\"index, follow, max-snippet:-1, max-image-preview:large, max-video-preview:-1\" \/>\n<link rel=\"canonical\" href=\"https:\/\/oserchanger.com\/blogue_2\/2011\/04\/22\/22-avril-jour-de-la-terre\/\" \/>\n<meta property=\"og:locale\" content=\"fr_CA\" \/>\n<meta property=\"og:type\" content=\"article\" \/>\n<meta property=\"og:title\" content=\"22 avril : Jour de la Terre - OSERChanger.com\" \/>\n<meta property=\"og:description\" content=\"Pour c\u00e9l\u00e9brer le Jour de la Terre\" \/>\n<meta property=\"og:url\" content=\"https:\/\/oserchanger.com\/blogue_2\/2011\/04\/22\/22-avril-jour-de-la-terre\/\" \/>\n<meta property=\"og:site_name\" content=\"OSERChanger.com\" \/>\n<meta property=\"article:publisher\" content=\"https:\/\/www.facebook.com\/OserChanger\" \/>\n<meta property=\"article:author\" content=\"https:\/\/www.facebook.com\/OserChanger\" \/>\n<meta property=\"article:published_time\" content=\"2011-04-22T14:15:46+00:00\" \/>\n<meta property=\"article:modified_time\" content=\"2017-11-16T14:38:28+00:00\" \/>\n<meta property=\"og:image\" content=\"https:\/\/oserchanger.com\/blogue_2\/wp-content\/uploads\/\u00c9nergie-totale.jpg\" \/>\n\t<meta property=\"og:image:width\" content=\"650\" \/>\n\t<meta property=\"og:image:height\" content=\"650\" \/>\n\t<meta property=\"og:image:type\" content=\"image\/jpeg\" \/>\n<meta name=\"author\" content=\"Marc Vachon, m.ps.\" \/>\n<meta name=\"twitter:card\" content=\"summary_large_image\" \/>\n<meta name=\"twitter:creator\" content=\"@marcvachon\" \/>\n<meta name=\"twitter:site\" content=\"@marcvachon\" \/>\n<meta name=\"twitter:label1\" content=\"\u00c9crit par\" \/>\n\t<meta name=\"twitter:data1\" content=\"Marc Vachon, m.ps.\" \/>\n\t<meta name=\"twitter:label2\" content=\"Estimation du temps de lecture\" \/>\n\t<meta name=\"twitter:data2\" content=\"2 minutes\" \/>\n<script type=\"application\/ld+json\" class=\"yoast-schema-graph\">{\"@context\":\"https:\\\/\\\/schema.org\",\"@graph\":[{\"@type\":\"Article\",\"@id\":\"https:\\\/\\\/oserchanger.com\\\/blogue_2\\\/2011\\\/04\\\/22\\\/22-avril-jour-de-la-terre\\\/#article\",\"isPartOf\":{\"@id\":\"https:\\\/\\\/oserchanger.com\\\/blogue_2\\\/2011\\\/04\\\/22\\\/22-avril-jour-de-la-terre\\\/\"},\"author\":{\"name\":\"Marc Vachon, m.ps.\",\"@id\":\"https:\\\/\\\/oserchanger.com\\\/blogue_2\\\/#\\\/schema\\\/person\\\/636bcde66d5c660902438fec7e0f2fd2\"},\"headline\":\"22 avril : Jour de la Terre\",\"datePublished\":\"2011-04-22T14:15:46+00:00\",\"dateModified\":\"2017-11-16T14:38:28+00:00\",\"mainEntityOfPage\":{\"@id\":\"https:\\\/\\\/oserchanger.com\\\/blogue_2\\\/2011\\\/04\\\/22\\\/22-avril-jour-de-la-terre\\\/\"},\"wordCount\":459,\"publisher\":{\"@id\":\"https:\\\/\\\/oserchanger.com\\\/blogue_2\\\/#\\\/schema\\\/person\\\/636bcde66d5c660902438fec7e0f2fd2\"},\"keywords\":[\"Jour de la Terre\",\"nature\",\"nidification\",\"pygargue\"],\"articleSection\":[\"Conscience\",\"M\u00e9dias\"],\"inLanguage\":\"fr-CA\"},{\"@type\":\"WebPage\",\"@id\":\"https:\\\/\\\/oserchanger.com\\\/blogue_2\\\/2011\\\/04\\\/22\\\/22-avril-jour-de-la-terre\\\/\",\"url\":\"https:\\\/\\\/oserchanger.com\\\/blogue_2\\\/2011\\\/04\\\/22\\\/22-avril-jour-de-la-terre\\\/\",\"name\":\"22 avril : Jour de la Terre - OSERChanger.com\",\"isPartOf\":{\"@id\":\"https:\\\/\\\/oserchanger.com\\\/blogue_2\\\/#website\"},\"datePublished\":\"2011-04-22T14:15:46+00:00\",\"dateModified\":\"2017-11-16T14:38:28+00:00\",\"breadcrumb\":{\"@id\":\"https:\\\/\\\/oserchanger.com\\\/blogue_2\\\/2011\\\/04\\\/22\\\/22-avril-jour-de-la-terre\\\/#breadcrumb\"},\"inLanguage\":\"fr-CA\",\"potentialAction\":[{\"@type\":\"ReadAction\",\"target\":[\"https:\\\/\\\/oserchanger.com\\\/blogue_2\\\/2011\\\/04\\\/22\\\/22-avril-jour-de-la-terre\\\/\"]}]},{\"@type\":\"BreadcrumbList\",\"@id\":\"https:\\\/\\\/oserchanger.com\\\/blogue_2\\\/2011\\\/04\\\/22\\\/22-avril-jour-de-la-terre\\\/#breadcrumb\",\"itemListElement\":[{\"@type\":\"ListItem\",\"position\":1,\"name\":\"Accueil\",\"item\":\"https:\\\/\\\/oserchanger.com\\\/blogue_2\\\/\"},{\"@type\":\"ListItem\",\"position\":2,\"name\":\"22 avril : Jour de la Terre\"}]},{\"@type\":\"WebSite\",\"@id\":\"https:\\\/\\\/oserchanger.com\\\/blogue_2\\\/#website\",\"url\":\"https:\\\/\\\/oserchanger.com\\\/blogue_2\\\/\",\"name\":\"OSERChanger.com\",\"description\":\"Personne ne peut diriger le vent, mais on peut apprendre \u00e0 ajuster nos voiles\",\"publisher\":{\"@id\":\"https:\\\/\\\/oserchanger.com\\\/blogue_2\\\/#\\\/schema\\\/person\\\/636bcde66d5c660902438fec7e0f2fd2\"},\"potentialAction\":[{\"@type\":\"SearchAction\",\"target\":{\"@type\":\"EntryPoint\",\"urlTemplate\":\"https:\\\/\\\/oserchanger.com\\\/blogue_2\\\/?s={search_term_string}\"},\"query-input\":{\"@type\":\"PropertyValueSpecification\",\"valueRequired\":true,\"valueName\":\"search_term_string\"}}],\"inLanguage\":\"fr-CA\"},{\"@type\":[\"Person\",\"Organization\"],\"@id\":\"https:\\\/\\\/oserchanger.com\\\/blogue_2\\\/#\\\/schema\\\/person\\\/636bcde66d5c660902438fec7e0f2fd2\",\"name\":\"Marc Vachon, m.ps.\",\"image\":{\"@type\":\"ImageObject\",\"inLanguage\":\"fr-CA\",\"@id\":\"https:\\\/\\\/oserchanger.com\\\/blogue_2\\\/wp-content\\\/uploads\\\/Marc_ress_pro_300_300-150x1501.jpg\",\"url\":\"https:\\\/\\\/oserchanger.com\\\/blogue_2\\\/wp-content\\\/uploads\\\/Marc_ress_pro_300_300-150x1501.jpg\",\"contentUrl\":\"https:\\\/\\\/oserchanger.com\\\/blogue_2\\\/wp-content\\\/uploads\\\/Marc_ress_pro_300_300-150x1501.jpg\",\"width\":150,\"height\":150,\"caption\":\"Marc Vachon, m.ps.\"},\"logo\":{\"@id\":\"https:\\\/\\\/oserchanger.com\\\/blogue_2\\\/wp-content\\\/uploads\\\/Marc_ress_pro_300_300-150x1501.jpg\"},\"description\":\"Marc Vachon est passionn\u00e9 par la recherche de moyens pratiques pour \u00eatre heureux et traverser activement les changements. Il a \u0153uvr\u00e9 comme enseignant, psychologue, conf\u00e9rencier et formateur. Il est l'auteur de Oser changer. Mettre le cap sur ses r\u00eaves et de Lacher prise. Prendre de l\u2019altitude.\",\"sameAs\":[\"http:\\\/\\\/oserchanger.com\",\"https:\\\/\\\/www.facebook.com\\\/OserChanger\",\"https:\\\/\\\/www.linkedin.com\\\/in\\\/marc-vachon-m-ps-10988311\",\"https:\\\/\\\/www.pinterest.ca\\\/oserchanger\\\/\",\"https:\\\/\\\/x.com\\\/marcvachon\"],\"url\":\"https:\\\/\\\/oserchanger.com\\\/blogue_2\\\/author\\\/admin\\\/\"}]}<\/script>\n<!-- \/ Yoast SEO plugin. -->","yoast_head_json":{"title":"22 avril : Jour de la Terre - OSERChanger.com","robots":{"index":"index","follow":"follow","max-snippet":"max-snippet:-1","max-image-preview":"max-image-preview:large","max-video-preview":"max-video-preview:-1"},"canonical":"https:\/\/oserchanger.com\/blogue_2\/2011\/04\/22\/22-avril-jour-de-la-terre\/","og_locale":"fr_CA","og_type":"article","og_title":"22 avril : Jour de la Terre - OSERChanger.com","og_description":"Pour c\u00e9l\u00e9brer le Jour de la Terre","og_url":"https:\/\/oserchanger.com\/blogue_2\/2011\/04\/22\/22-avril-jour-de-la-terre\/","og_site_name":"OSERChanger.com","article_publisher":"https:\/\/www.facebook.com\/OserChanger","article_author":"https:\/\/www.facebook.com\/OserChanger","article_published_time":"2011-04-22T14:15:46+00:00","article_modified_time":"2017-11-16T14:38:28+00:00","og_image":[{"width":650,"height":650,"url":"https:\/\/oserchanger.com\/blogue_2\/wp-content\/uploads\/\u00c9nergie-totale.jpg","type":"image\/jpeg"}],"author":"Marc Vachon, m.ps.","twitter_card":"summary_large_image","twitter_creator":"@marcvachon","twitter_site":"@marcvachon","twitter_misc":{"\u00c9crit par":"Marc Vachon, m.ps.","Estimation du temps de lecture":"2 minutes"},"schema":{"@context":"https:\/\/schema.org","@graph":[{"@type":"Article","@id":"https:\/\/oserchanger.com\/blogue_2\/2011\/04\/22\/22-avril-jour-de-la-terre\/#article","isPartOf":{"@id":"https:\/\/oserchanger.com\/blogue_2\/2011\/04\/22\/22-avril-jour-de-la-terre\/"},"author":{"name":"Marc Vachon, m.ps.","@id":"https:\/\/oserchanger.com\/blogue_2\/#\/schema\/person\/636bcde66d5c660902438fec7e0f2fd2"},"headline":"22 avril : Jour de la Terre","datePublished":"2011-04-22T14:15:46+00:00","dateModified":"2017-11-16T14:38:28+00:00","mainEntityOfPage":{"@id":"https:\/\/oserchanger.com\/blogue_2\/2011\/04\/22\/22-avril-jour-de-la-terre\/"},"wordCount":459,"publisher":{"@id":"https:\/\/oserchanger.com\/blogue_2\/#\/schema\/person\/636bcde66d5c660902438fec7e0f2fd2"},"keywords":["Jour de la Terre","nature","nidification","pygargue"],"articleSection":["Conscience","M\u00e9dias"],"inLanguage":"fr-CA"},{"@type":"WebPage","@id":"https:\/\/oserchanger.com\/blogue_2\/2011\/04\/22\/22-avril-jour-de-la-terre\/","url":"https:\/\/oserchanger.com\/blogue_2\/2011\/04\/22\/22-avril-jour-de-la-terre\/","name":"22 avril : Jour de la Terre - OSERChanger.com","isPartOf":{"@id":"https:\/\/oserchanger.com\/blogue_2\/#website"},"datePublished":"2011-04-22T14:15:46+00:00","dateModified":"2017-11-16T14:38:28+00:00","breadcrumb":{"@id":"https:\/\/oserchanger.com\/blogue_2\/2011\/04\/22\/22-avril-jour-de-la-terre\/#breadcrumb"},"inLanguage":"fr-CA","potentialAction":[{"@type":"ReadAction","target":["https:\/\/oserchanger.com\/blogue_2\/2011\/04\/22\/22-avril-jour-de-la-terre\/"]}]},{"@type":"BreadcrumbList","@id":"https:\/\/oserchanger.com\/blogue_2\/2011\/04\/22\/22-avril-jour-de-la-terre\/#breadcrumb","itemListElement":[{"@type":"ListItem","position":1,"name":"Accueil","item":"https:\/\/oserchanger.com\/blogue_2\/"},{"@type":"ListItem","position":2,"name":"22 avril : Jour de la Terre"}]},{"@type":"WebSite","@id":"https:\/\/oserchanger.com\/blogue_2\/#website","url":"https:\/\/oserchanger.com\/blogue_2\/","name":"OSERChanger.com","description":"Personne ne peut diriger le vent, mais on peut apprendre \u00e0 ajuster nos voiles","publisher":{"@id":"https:\/\/oserchanger.com\/blogue_2\/#\/schema\/person\/636bcde66d5c660902438fec7e0f2fd2"},"potentialAction":[{"@type":"SearchAction","target":{"@type":"EntryPoint","urlTemplate":"https:\/\/oserchanger.com\/blogue_2\/?s={search_term_string}"},"query-input":{"@type":"PropertyValueSpecification","valueRequired":true,"valueName":"search_term_string"}}],"inLanguage":"fr-CA"},{"@type":["Person","Organization"],"@id":"https:\/\/oserchanger.com\/blogue_2\/#\/schema\/person\/636bcde66d5c660902438fec7e0f2fd2","name":"Marc Vachon, m.ps.","image":{"@type":"ImageObject","inLanguage":"fr-CA","@id":"https:\/\/oserchanger.com\/blogue_2\/wp-content\/uploads\/Marc_ress_pro_300_300-150x1501.jpg","url":"https:\/\/oserchanger.com\/blogue_2\/wp-content\/uploads\/Marc_ress_pro_300_300-150x1501.jpg","contentUrl":"https:\/\/oserchanger.com\/blogue_2\/wp-content\/uploads\/Marc_ress_pro_300_300-150x1501.jpg","width":150,"height":150,"caption":"Marc Vachon, m.ps."},"logo":{"@id":"https:\/\/oserchanger.com\/blogue_2\/wp-content\/uploads\/Marc_ress_pro_300_300-150x1501.jpg"},"description":"Marc Vachon est passionn\u00e9 par la recherche de moyens pratiques pour \u00eatre heureux et traverser activement les changements. Il a \u0153uvr\u00e9 comme enseignant, psychologue, conf\u00e9rencier et formateur. Il est l'auteur de Oser changer. Mettre le cap sur ses r\u00eaves et de Lacher prise. Prendre de l\u2019altitude.","sameAs":["http:\/\/oserchanger.com","https:\/\/www.facebook.com\/OserChanger","https:\/\/www.linkedin.com\/in\/marc-vachon-m-ps-10988311","https:\/\/www.pinterest.ca\/oserchanger\/","https:\/\/x.com\/marcvachon"],"url":"https:\/\/oserchanger.com\/blogue_2\/author\/admin\/"}]}},"jetpack_sharing_enabled":true,"jetpack_featured_media_url":"","_links":{"self":[{"href":"https:\/\/oserchanger.com\/blogue_2\/wp-json\/wp\/v2\/posts\/1060","targetHints":{"allow":["GET"]}}],"collection":[{"href":"https:\/\/oserchanger.com\/blogue_2\/wp-json\/wp\/v2\/posts"}],"about":[{"href":"https:\/\/oserchanger.com\/blogue_2\/wp-json\/wp\/v2\/types\/post"}],"author":[{"embeddable":true,"href":"https:\/\/oserchanger.com\/blogue_2\/wp-json\/wp\/v2\/users\/9"}],"replies":[{"embeddable":true,"href":"https:\/\/oserchanger.com\/blogue_2\/wp-json\/wp\/v2\/comments?post=1060"}],"version-history":[{"count":0,"href":"https:\/\/oserchanger.com\/blogue_2\/wp-json\/wp\/v2\/posts\/1060\/revisions"}],"wp:attachment":[{"href":"https:\/\/oserchanger.com\/blogue_2\/wp-json\/wp\/v2\/media?parent=1060"}],"wp:term":[{"taxonomy":"category","embeddable":true,"href":"https:\/\/oserchanger.com\/blogue_2\/wp-json\/wp\/v2\/categories?post=1060"},{"taxonomy":"post_tag","embeddable":true,"href":"https:\/\/oserchanger.com\/blogue_2\/wp-json\/wp\/v2\/tags?post=1060"}],"curies":[{"name":"wp","href":"https:\/\/api.w.org\/{rel}","templated":true}]}}