{"id":27723,"date":"2021-09-13T12:06:56","date_gmt":"2021-09-13T16:06:56","guid":{"rendered":"https:\/\/oserchanger.com\/blogue_2\/?p=27723"},"modified":"2021-11-01T13:44:57","modified_gmt":"2021-11-01T17:44:57","slug":"ecriture-rendez-vous-avec-soi-meme","status":"publish","type":"post","link":"https:\/\/oserchanger.com\/blogue_2\/2021\/09\/13\/ecriture-rendez-vous-avec-soi-meme\/","title":{"rendered":"L&rsquo;\u00e9criture: un rendez-vous avec soi-m\u00eame"},"content":{"rendered":"<p>\u00c9criture. Moments seuls avec soi-m\u00eame. Doux moments de relation intime avec l&rsquo;\u00eatre unique que l&rsquo;on est. Pas 2 \u00eatres ne sont identiques.&nbsp;<\/p>\n<p>Relation intime donc avec l&rsquo;unicit\u00e9 de quelqu&rsquo;un qui vit dans un monde o\u00f9 personne ne sait qui il est vraiment. Dans un univers o\u00f9 il ne faut surtout pas que les perceptions imaginaires des autres \u00e0 son sujet le d\u00e9finissent davantage que ce que lui sait de son \u00eatre.<\/p>\n<p>Jamais les opinions fantasm\u00e9es des autres \u00e0 notre sujet ne doivent primer sur la connaissance que l&rsquo;on a de soi.<\/p>\n<p>Et l&rsquo;\u00e9criture permet ce voyage en soi, ce p\u00e9riple \u00e0 travers nos paysages intimes, nos zones d&rsquo;ombre et de lumi\u00e8re, cette incursion dans un univers singulier, sans pareil, incomparable, cette exploration d&rsquo;une \u00e9toile qui n&rsquo;a jamais \u00e9t\u00e9 et qui ne sera jamais plus.&nbsp;<\/p>\n<h2>Mais pourquoi l&rsquo;\u00e9criture?<\/h2>\n<p>Peut-\u00eatre simplement parce que, comme l&rsquo;expression artistique, l&rsquo;\u00e9criture fait du bien. &nbsp;Elle favorise la connaissance de soi, permet d&rsquo;explorer, de dire, de deviner, de voir ce qu&rsquo;il y a derri\u00e8re la fa\u00e7ade. L&rsquo;\u00e9criture est utile pour exprimer le fond de sa pens\u00e9e, nommer ses \u00e9motions, comprendre ce que l&rsquo;on ressent, raconter les choses et les \u00e9v\u00e9nements et leur impact sur soi, soulager son stress.<\/p>\n<p>Elle est utile pour se lib\u00e9rer <a href=\"https:\/\/oserchanger.com\/blogue_2\/2020\/12\/27\/rumination-quiz\/\" target=\"_blank\" style=\"outline: currentcolor none medium;\" rel=\"noopener\">du cycle sans fin de la rumination<\/a>, cette attention passive, r\u00e9p\u00e9titive, voire obs\u00e9dante, port\u00e9e sur ses pens\u00e9es et ses \u00e9motions n\u00e9gatives.<\/p>\n<p>Aussi pour prendre du recul, &nbsp;relativiser, &nbsp;<a href=\"https:\/\/oserchanger.com\/blogue_2\/2018\/05\/03\/lacher-prise-moins-difficile\/\" target=\"_blank\" style=\"outline: currentcolor none medium;\" rel=\"noopener\">l\u00e2cher prise<\/a>, donner du sens \u00e0 ce que l&rsquo;on vit ou simplement pour organiser ses &nbsp;pens\u00e9es.<\/p>\n<p>Voil\u00e0 tout ce que m\u2019a permis l\u2019\u00e9criture, et bien plus. Et je ne parle pas ici de l\u2019\u00e9criture d\u2019articles ou de livres qui a d\u2019abord un objectif d\u2019enseignement et de transmission de connaissances.<\/p>\n<h2>L&rsquo;\u00e9criture expressive<\/h2>\n<p>L&rsquo;\u00e9criture expressive est plus sp\u00e9cifique. D\u00e9velopp\u00e9e comme outil th\u00e9rapeutique par le psychologue am\u00e9ricain James Pennebaker dans les ann\u00e9es 80, on s&rsquo;en sert pour exprimer les pens\u00e9es et les sentiments qui d\u00e9coulent d&rsquo;une exp\u00e9rience de vie traumatisante ou stressante. Elle peut aider certaines personnes \u00e0 faire face aux retomb\u00e9es \u00e9motionnelles de tels \u00e9v\u00e9nements.&nbsp;<\/p>\n<p>D&rsquo;ailleurs, plusieurs \u00e9tudes ont \u00e9valu\u00e9 l&rsquo;impact de l&rsquo;\u00e9criture expressive sur les personnes souffrant de probl\u00e8mes de sant\u00e9 physique tels que l&rsquo;apn\u00e9e du sommeil, l&rsquo;asthme, les migraines, la polyarthrite rhumato\u00efde, le VIH et le cancer. Les r\u00e9sultats sugg\u00e8rent que l&rsquo;\u00e9criture expressive peut initialement d\u00e9ranger les gens, mais les aide finalement \u00e0 se d\u00e9tendre.Plus r\u00e9cemment, des chercheurs ont \u00e9valu\u00e9 si l&rsquo;\u00e9criture expressive aidait \u00e0 r\u00e9duire le stress et l&rsquo;anxi\u00e9t\u00e9. Une \u00e9tude a constat\u00e9 que cela profitait \u00e0 des proches aidants chroniquement stress\u00e9s. Une autre a r\u00e9v\u00e9l\u00e9 que les candidats anxieux qui \u00e9crivaient bri\u00e8vement leurs pens\u00e9es et leurs sentiments avant de passer un examen important obtenaient de meilleures notes que ceux qui ne le faisaient pas. (note 1)<\/p>\n<p>Personnellement, aussi loin que je me rappelle, j&rsquo;ai toujours \u00e9crit, bien avant qu&rsquo;on parle d&rsquo;\u00e9criture expressive. Sur des bouts de papiers, des cahiers r\u00e9serv\u00e9s sp\u00e9cifiquement \u00e0 mes r\u00e9flexions, un ordinateur ou ma tablette.<\/p>\n<p>Je n&rsquo;appelle pas \u00e7a un journal, puisque je n&rsquo;\u00e9cris pas r\u00e9guli\u00e8rement, de fa\u00e7on syst\u00e9matique. J&rsquo;\u00e9cris quand j&rsquo;en sens le besoin, c&rsquo;est tout. Parfois juste pour le plaisir de la chose, moment privil\u00e9gi\u00e9 de pens\u00e9e , de cr\u00e9ativit\u00e9, de connaissance de soi, <a href=\"https:\/\/oserchanger.com\/blogue_2\/2020\/12\/20\/apprendre-la-meditation\/\" target=\"_blank\" rel=\"noopener\">parfois m\u00eame de m\u00e9ditation.<\/a> &nbsp;<\/p>\n<h2>Comment entreprendre ce voyage<\/h2>\n<p>Sans peur d&rsquo;abord, sans appr\u00e9hension exag\u00e9r\u00e9e, de la mani\u00e8re qui vous sied.<\/p>\n<p>Se mettre en route \u00e0 partir<a href=\"https:\/\/oserchanger.com\/blogue_2\/2019\/05\/14\/quatre-etapes-pour-obtenir-des-reponses-de-nos-songes\/\" target=\"_blank\" style=\"outline: currentcolor none medium;\" rel=\"noopener\"> d&rsquo;un r\u00eave nocturne<\/a> ou d&rsquo;une aspiration? Pourquoi pas? Avoir des r\u00eaves et les poursuivre est important,<a href=\"https:\/\/oserchanger.com\/blogue_2\/2013\/11\/01\/avoir-des-reves-pourquoi-cest-important\/\" target=\"_blank\" rel=\"noopener\"> j\u2019en ai d\u00e9j\u00e0 parl\u00e9.<\/a>&nbsp;<\/p>\n<p>Partir d&rsquo;une pens\u00e9e? Ou d&rsquo;une \u00e9motion qui s&rsquo;attarde? D&rsquo;une question que l&rsquo;on se pose? D&rsquo;un texte? D&rsquo;un souvenir difficile? Oui, bien s\u00fbr!&nbsp;<\/p>\n<p>L&rsquo;essentiel, c&rsquo;est de commencer \u00e0 \u00e9crire, sans trop se censurer, sans se mettre la pression d&rsquo;en faire une \u0153uvre litt\u00e9raire, sachant que l&rsquo;on \u00e9crit pour soi.<\/p>\n<p>J&rsquo;aime beaucoup employer le dialogue dans ces rencontres avec moi-m\u00eame, surtout quand j&rsquo;essaie de d\u00e9m\u00ealer mes \u00e9motions ou que je rencontre un probl\u00e8me. Par exemple, j&rsquo;imagine une partie de moi qui est aidante et \u00e9coutante et qui se charge de me poser des questions, de me faire verbaliser ce que je ressens sans juger, sans me critiquer. Vous pouvez commencer en \u00e9crivant simplement: \u00abComment tu te sens dans \u00e7a? \u00bb ou \u00abQu&rsquo;est-ce que tu penses de&#8230;\u00bb ou \u00abQu&rsquo;est-ce que \u00e7a te fait de&#8230;\u00bb . J&rsquo;aime cet interlocuteur qui m&rsquo;aide \u00e0 prendre une distance. C&rsquo;est le <a href=\"https:\/\/oserchanger.com\/blogue_2\/2014\/08\/31\/analyse_transactionnelle\/\" target=\"_blank\" style=\"outline: currentcolor none medium;\" rel=\"noopener\">Parent Aidant dans l&rsquo;Analyse Transactionnelle<\/a>.<\/p>\n<p>Puis changez de paragraphe quand vous r\u00e9pondez \u00e0 ses questions, \u00e0 ses demandes d&rsquo;\u00e9claircissements, quand vous \u00e9crivez vos \u00e9motions, votre ressenti. Si vous saviez le nombre de fois o\u00f9 cette \u00abmise en sc\u00e8ne\u00bb m&rsquo;a aid\u00e9 \u00e0 me d\u00e9m\u00ealer.<\/p>\n<p>Je sais que plusieurs sugg\u00e8rent un endroit en particulier consacr\u00e9 \u00e0 l&rsquo;\u00e9criture. Pour moi, l&rsquo;endroit importe peu. Je m&rsquo;assure bien s\u00fbr de ne pas \u00eatre d\u00e9rang\u00e9 et d&rsquo;avoir ce qu&rsquo;il faut \u00e0 port\u00e9e de la main. Rien de pire qu&rsquo;une id\u00e9e qu&rsquo;on oublie parce qu&rsquo;on n&rsquo;a rien pour la noter.<\/p>\n<p>Heureusement, nous avons presque tous des outils informatiques qu&rsquo;on tra\u00eene partout, ce qui n&rsquo;est pas toujours le cas d&rsquo;un cahier et d&rsquo;un crayon. Mais je vous dirais que j&rsquo;appr\u00e9cie toujours autant l&rsquo;\u00e9criture \u00e0 la main. Pour moi, il y a toujours une aura particuli\u00e8re dans ce geste de glisser le crayon sur un papier.<\/p>\n<h2>Conclusion<\/h2>\n<p>Alors, que diriez-vous de vous y mettre et de prendre rendez-vous avec ce que vous renfermez d&rsquo;unique et de pr\u00e9cieux? &nbsp;Vous le faites d\u00e9j\u00e0? Comment vous en servez-vous? Parlez-vous de votre exp\u00e9rience en nous laissant un commentaire.<\/p>\n<p>Note 1: Harvard Health Publishing &#8211; <em><a href=\"https:\/\/www.health.harvard.edu\/healthbeat\/writing-about-emotions-may-ease-stress-and-trauma\" target=\"_blank\" style=\"outline: currentcolor none medium;\" rel=\"noopener\">Writing about emotions may ease stress and trauma<\/a><\/em><\/p>\n<p>&nbsp;.<\/p>\n","protected":false},"excerpt":{"rendered":"<p>\u00c9criture. Moments seuls avec soi-m\u00eame. Doux moments de relation intime avec l&rsquo;\u00eatre unique que l&rsquo;on est.<br \/>\nL&rsquo;\u00e9criture permet ce voyage en soi, ce p\u00e9riple \u00e0 travers nos paysages intimes, nos zones d&rsquo;ombre et de lumi\u00e8re. Un moyen privil\u00e9gi\u00e9 de connaissance de soi. Mais pourquoi \u00e9crire? Comment commencer ce que certains nomment l&rsquo;\u00e9criture expressive? <\/p>\n","protected":false},"author":9,"featured_media":27744,"comment_status":"open","ping_status":"closed","sticky":false,"template":"","format":"standard","meta":{"_jetpack_newsletter_access":"","_jetpack_dont_email_post_to_subs":false,"_jetpack_newsletter_tier_id":0,"_jetpack_memberships_contains_paywalled_content":false,"_jetpack_feature_clip_id":0,"_jetpack_memberships_contains_paid_content":false,"footnotes":"","jetpack_post_was_ever_published":false,"tve_updated_post":"<div class=\"thrv_wrapper thrv-page-section tve-height-update\">\n<div class=\"tve-page-section-out\"><\/div>\n<div class=\"tve-page-section-in tve_empty_dropzone\" data-css=\"tve-u-17bdf6c8850\"><div class=\"thrv_wrapper thrv_text_element\"><p>\u00c9criture. Moments seuls avec soi-m\u00eame. Doux moments de relation intime avec l'\u00eatre unique que l'on est. Pas 2 \u00eatres ne sont identiques.&nbsp;<\/p><p>Relation intime donc avec l'unicit\u00e9 de quelqu'un qui vit dans un monde o\u00f9 personne ne sait qui il est vraiment. Dans un univers o\u00f9 il ne faut surtout pas que les perceptions imaginaires des autres \u00e0 son sujet le d\u00e9finissent davantage que ce que lui sait de son \u00eatre.<\/p><p>Jamais les opinions fantasm\u00e9es des autres \u00e0 notre sujet ne doivent primer sur la connaissance que l'on a de soi.<\/p><p>Et l'\u00e9criture permet ce voyage en soi, ce p\u00e9riple \u00e0 travers nos paysages intimes, nos zones d'ombre et de lumi\u00e8re, cette incursion dans un univers singulier, sans pareil, incomparable, cette exploration d'une \u00e9toile qui n'a jamais \u00e9t\u00e9 et qui ne sera jamais plus.&nbsp;<\/p><h2 class=\"\">Mais pourquoi l'\u00e9criture?<\/h2><p>Peut-\u00eatre simplement parce que, comme l'expression artistique, l'\u00e9criture fait du bien. &nbsp;Elle favorise la connaissance de soi, permet d'explorer, de dire, de deviner, de voir ce qu'il y a derri\u00e8re la fa\u00e7ade. L'\u00e9criture est utile pour exprimer le fond de sa pens\u00e9e, nommer ses \u00e9motions, comprendre ce que l'on ressent, raconter les choses et les \u00e9v\u00e9nements et leur impact sur soi, soulager son stress.<\/p><p>Elle est utile pour se lib\u00e9rer <a href=\"https:\/\/oserchanger.com\/blogue_2\/2020\/12\/27\/rumination-quiz\/\" target=\"_blank\" class=\"tve-froala\" style=\"outline: currentcolor none medium;\">du cycle sans fin de la rumination<\/a>, cette attention passive, r\u00e9p\u00e9titive, voire obs\u00e9dante, port\u00e9e sur ses pens\u00e9es et ses \u00e9motions n\u00e9gatives.<\/p><p>Aussi pour prendre du recul, &nbsp;relativiser, &nbsp;<a href=\"https:\/\/oserchanger.com\/blogue_2\/2018\/05\/03\/lacher-prise-moins-difficile\/\" target=\"_blank\" class=\"tve-froala\" style=\"outline: currentcolor none medium;\">l\u00e2cher prise<\/a>, donner du sens \u00e0 ce que l'on vit ou simplement pour organiser ses &nbsp;pens\u00e9es.<\/p><p>Voil\u00e0 tout ce que m\u2019a permis l\u2019\u00e9criture, et bien plus. Et je ne parle pas ici de l\u2019\u00e9criture d\u2019articles ou de livres qui a d\u2019abord un objectif d\u2019enseignement et de transmission de connaissances.<\/p><h2 class=\"\">L'\u00e9criture expressive<\/h2><p>L'\u00e9criture expressive est plus sp\u00e9cifique. D\u00e9velopp\u00e9e comme outil th\u00e9rapeutique par le psychologue am\u00e9ricain James Pennebaker dans les ann\u00e9es 80, on s'en sert pour exprimer les pens\u00e9es et les sentiments qui d\u00e9coulent d'une exp\u00e9rience de vie traumatisante ou stressante. Elle peut aider certaines personnes \u00e0 faire face aux retomb\u00e9es \u00e9motionnelles de tels \u00e9v\u00e9nements.&nbsp;<\/p><p>D'ailleurs, plusieurs \u00e9tudes ont \u00e9valu\u00e9 l'impact de l'\u00e9criture expressive sur les personnes souffrant de probl\u00e8mes de sant\u00e9 physique tels que l'apn\u00e9e du sommeil, l'asthme, les migraines, la polyarthrite rhumato\u00efde, le VIH et le cancer. Les r\u00e9sultats sugg\u00e8rent que l'\u00e9criture expressive peut initialement d\u00e9ranger les gens, mais les aide finalement \u00e0 se d\u00e9tendre.<br><br>Plus r\u00e9cemment, des chercheurs ont \u00e9valu\u00e9 si l'\u00e9criture expressive aidait \u00e0 r\u00e9duire le stress et l'anxi\u00e9t\u00e9. Une \u00e9tude a constat\u00e9 que cela profitait \u00e0 des proches aidants chroniquement stress\u00e9s. Une autre a r\u00e9v\u00e9l\u00e9 que les candidats anxieux qui \u00e9crivaient bri\u00e8vement leurs pens\u00e9es et leurs sentiments avant de passer un examen important obtenaient de meilleures notes que ceux qui ne le faisaient pas. (note 1)<\/p><p>Personnellement, aussi loin que je me rappelle, j'ai toujours \u00e9crit, bien avant qu'on parle d'\u00e9criture expressive. Sur des bouts de papiers, des cahiers r\u00e9serv\u00e9s sp\u00e9cifiquement \u00e0 mes r\u00e9flexions, un ordinateur ou ma tablette.<\/p><p>Je n'appelle pas \u00e7a un journal, puisque je n'\u00e9cris pas r\u00e9guli\u00e8rement, de fa\u00e7on syst\u00e9matique. J'\u00e9cris quand j'en sens le besoin, c'est tout. Parfois juste pour le plaisir de la chose, moment privil\u00e9gi\u00e9 de pens\u00e9e , de cr\u00e9ativit\u00e9, de connaissance de soi, <a href=\"https:\/\/oserchanger.com\/blogue_2\/2020\/12\/20\/apprendre-la-meditation\/\" target=\"_blank\">parfois m\u00eame de m\u00e9ditation.<\/a> &nbsp;<\/p><h2 class=\"\">Comment entreprendre ce voyage<\/h2><p>Sans peur d'abord, sans appr\u00e9hension exag\u00e9r\u00e9e, de la mani\u00e8re qui vous sied.<\/p><p>Se mettre en route \u00e0 partir<a href=\"https:\/\/oserchanger.com\/blogue_2\/2019\/05\/14\/quatre-etapes-pour-obtenir-des-reponses-de-nos-songes\/\" target=\"_blank\" class=\"tve-froala\" style=\"outline: currentcolor none medium;\"> d'un r\u00eave nocturne<\/a> ou d'une aspiration? Pourquoi pas? Avoir des r\u00eaves et les poursuivre est important,<a href=\"https:\/\/oserchanger.com\/blogue_2\/2013\/11\/01\/avoir-des-reves-pourquoi-cest-important\/\" target=\"_blank\"> j\u2019en ai d\u00e9j\u00e0 parl\u00e9.<\/a>&nbsp;<\/p><p>Partir d'une pens\u00e9e? Ou d'une \u00e9motion qui s'attarde? D'une question que l'on se pose? D'un texte? D'un souvenir difficile? Oui, bien s\u00fbr!&nbsp;<\/p><p>L'essentiel, c'est de commencer \u00e0 \u00e9crire, sans trop se censurer, sans se mettre la pression d'en faire une \u0153uvre litt\u00e9raire, sachant que l'on \u00e9crit pour soi.<\/p><p>J'aime beaucoup employer le dialogue dans ces rencontres avec moi-m\u00eame, surtout quand j'essaie de d\u00e9m\u00ealer mes \u00e9motions ou que je rencontre un probl\u00e8me. Par exemple, j'imagine une partie de moi qui est aidante et \u00e9coutante et qui se charge de me poser des questions, de me faire verbaliser ce que je ressens sans juger, sans me critiquer. Vous pouvez commencer en \u00e9crivant simplement: \u00abComment tu te sens dans \u00e7a? \u00bb ou \u00abQu'est-ce que tu penses de...\u00bb ou \u00abQu'est-ce que \u00e7a te fait de...\u00bb . J'aime cet interlocuteur qui m'aide \u00e0 prendre une distance. C'est le <a href=\"https:\/\/oserchanger.com\/blogue_2\/2014\/08\/31\/analyse_transactionnelle\/\" target=\"_blank\" class=\"tve-froala\" style=\"outline: currentcolor none medium;\">Parent Aidant dans l'Analyse Transactionnelle<\/a>.<\/p><p>Puis changez de paragraphe quand vous r\u00e9pondez \u00e0 ses questions, \u00e0 ses demandes d'\u00e9claircissements, quand vous \u00e9crivez vos \u00e9motions, votre ressenti. Si vous saviez le nombre de fois o\u00f9 cette \u00abmise en sc\u00e8ne\u00bb m'a aid\u00e9 \u00e0 me d\u00e9m\u00ealer.<\/p><p>Je sais que plusieurs sugg\u00e8rent un endroit en particulier consacr\u00e9 \u00e0 l'\u00e9criture. Pour moi, l'endroit importe peu. Je m'assure bien s\u00fbr de ne pas \u00eatre d\u00e9rang\u00e9 et d'avoir ce qu'il faut \u00e0 port\u00e9e de la main. Rien de pire qu'une id\u00e9e qu'on oublie parce qu'on n'a rien pour la noter.<\/p><p>Heureusement, nous avons presque tous des outils informatiques qu'on tra\u00eene partout, ce qui n'est pas toujours le cas d'un cahier et d'un crayon. Mais je vous dirais que j'appr\u00e9cie toujours autant l'\u00e9criture \u00e0 la main. Pour moi, il y a toujours une aura particuli\u00e8re dans ce geste de glisser le crayon sur un papier.<\/p><h2 class=\"\">Conclusion<\/h2><p>Alors, que diriez-vous de vous y mettre et de prendre rendez-vous avec ce que vous renfermez d'unique et de pr\u00e9cieux? &nbsp;<br>Vous le faites d\u00e9j\u00e0? Comment vous en servez-vous? Parlez-vous de votre exp\u00e9rience en nous laissant un commentaire.<\/p><p>Note 1: Harvard Health Publishing - <em><a href=\"https:\/\/www.health.harvard.edu\/healthbeat\/writing-about-emotions-may-ease-stress-and-trauma\" target=\"_blank\" class=\"tve-froala fr-basic\" style=\"outline: currentcolor none medium;\">Writing about emotions may ease stress and trauma<\/a><\/em><\/p><p>&nbsp;.<br><\/p><\/div><\/div>\n<\/div>","tve_custom_css":"","tve_user_custom_css":"","tve_globals":{"e":"1","font_cls":[]},"tcb2_ready":1,"tcb_editor_enabled":1,"tve_landing_page":"","_tve_header":"0","_tve_footer":"0"},"categories":[472],"tags":[],"class_list":["post-27723","post","type-post","status-publish","format-standard","has-post-thumbnail","hentry","category-emotions","post-wrapper","thrv_wrapper"],"yoast_head":"<!-- This site is optimized with the Yoast SEO plugin v28.3 - https:\/\/yoast.com\/product\/yoast-seo-wordpress\/ -->\n<title>L&rsquo;\u00e9criture: un rendez-vous avec soi-m\u00eame - OSERChanger.com<\/title>\n<meta name=\"description\" content=\"Outil privil\u00e9gi\u00e9 de connaissance de soi, l&#039;\u00e9criture permet une relation intime avec soi. Pourquoi \u00e9crire, comment, qu&#039;est-ce que l&#039;\u00e9criture expressive?\" \/>\n<meta name=\"robots\" content=\"index, follow, max-snippet:-1, max-image-preview:large, max-video-preview:-1\" \/>\n<link rel=\"canonical\" href=\"https:\/\/oserchanger.com\/blogue_2\/2021\/09\/13\/ecriture-rendez-vous-avec-soi-meme\/\" \/>\n<meta property=\"og:locale\" content=\"fr_CA\" \/>\n<meta property=\"og:type\" content=\"article\" \/>\n<meta property=\"og:title\" content=\"L&rsquo;\u00e9criture: un rendez-vous avec soi-m\u00eame - OSERChanger.com\" \/>\n<meta property=\"og:description\" content=\"Outil privil\u00e9gi\u00e9 de connaissance de soi, l&#039;\u00e9criture permet une relation intime avec soi. Pourquoi \u00e9crire, comment, qu&#039;est-ce que l&#039;\u00e9criture expressive?\" \/>\n<meta property=\"og:url\" content=\"https:\/\/oserchanger.com\/blogue_2\/2021\/09\/13\/ecriture-rendez-vous-avec-soi-meme\/\" \/>\n<meta property=\"og:site_name\" content=\"OSERChanger.com\" \/>\n<meta property=\"article:publisher\" content=\"https:\/\/www.facebook.com\/OserChanger\" \/>\n<meta property=\"article:author\" content=\"https:\/\/www.facebook.com\/OserChanger\" \/>\n<meta property=\"article:published_time\" content=\"2021-09-13T16:06:56+00:00\" \/>\n<meta property=\"article:modified_time\" content=\"2021-11-01T17:44:57+00:00\" \/>\n<meta property=\"og:image\" content=\"https:\/\/oserchanger.com\/blogue_2\/wp-content\/uploads\/E\u0301criture.jpg\" \/>\n\t<meta property=\"og:image:width\" content=\"822\" \/>\n\t<meta property=\"og:image:height\" content=\"925\" \/>\n\t<meta property=\"og:image:type\" content=\"image\/jpeg\" \/>\n<meta name=\"author\" content=\"Marc Vachon, m.ps.\" \/>\n<meta name=\"twitter:card\" content=\"summary_large_image\" \/>\n<meta name=\"twitter:creator\" content=\"@marcvachon\" \/>\n<meta name=\"twitter:site\" content=\"@marcvachon\" \/>\n<meta name=\"twitter:label1\" content=\"\u00c9crit par\" \/>\n\t<meta name=\"twitter:data1\" content=\"Marc Vachon, m.ps.\" \/>\n\t<meta name=\"twitter:label2\" content=\"Estimation du temps de lecture\" \/>\n\t<meta name=\"twitter:data2\" content=\"4 minutes\" \/>\n<script type=\"application\/ld+json\" class=\"yoast-schema-graph\">{\"@context\":\"https:\\\/\\\/schema.org\",\"@graph\":[{\"@type\":\"Article\",\"@id\":\"https:\\\/\\\/oserchanger.com\\\/blogue_2\\\/2021\\\/09\\\/13\\\/ecriture-rendez-vous-avec-soi-meme\\\/#article\",\"isPartOf\":{\"@id\":\"https:\\\/\\\/oserchanger.com\\\/blogue_2\\\/2021\\\/09\\\/13\\\/ecriture-rendez-vous-avec-soi-meme\\\/\"},\"author\":{\"name\":\"Marc Vachon, m.ps.\",\"@id\":\"https:\\\/\\\/oserchanger.com\\\/blogue_2\\\/#\\\/schema\\\/person\\\/636bcde66d5c660902438fec7e0f2fd2\"},\"headline\":\"L&rsquo;\u00e9criture: un rendez-vous avec soi-m\u00eame\",\"datePublished\":\"2021-09-13T16:06:56+00:00\",\"dateModified\":\"2021-11-01T17:44:57+00:00\",\"mainEntityOfPage\":{\"@id\":\"https:\\\/\\\/oserchanger.com\\\/blogue_2\\\/2021\\\/09\\\/13\\\/ecriture-rendez-vous-avec-soi-meme\\\/\"},\"wordCount\":1082,\"commentCount\":0,\"publisher\":{\"@id\":\"https:\\\/\\\/oserchanger.com\\\/blogue_2\\\/#\\\/schema\\\/person\\\/636bcde66d5c660902438fec7e0f2fd2\"},\"image\":{\"@id\":\"https:\\\/\\\/oserchanger.com\\\/blogue_2\\\/2021\\\/09\\\/13\\\/ecriture-rendez-vous-avec-soi-meme\\\/#primaryimage\"},\"thumbnailUrl\":\"https:\\\/\\\/oserchanger.com\\\/blogue_2\\\/wp-content\\\/uploads\\\/E\u0301criture.jpg\",\"articleSection\":[\"Stress, \u00e9motions &amp; sant\u00e9 mentale\"],\"inLanguage\":\"fr-CA\",\"potentialAction\":[{\"@type\":\"CommentAction\",\"name\":\"Comment\",\"target\":[\"https:\\\/\\\/oserchanger.com\\\/blogue_2\\\/2021\\\/09\\\/13\\\/ecriture-rendez-vous-avec-soi-meme\\\/#respond\"]}]},{\"@type\":\"WebPage\",\"@id\":\"https:\\\/\\\/oserchanger.com\\\/blogue_2\\\/2021\\\/09\\\/13\\\/ecriture-rendez-vous-avec-soi-meme\\\/\",\"url\":\"https:\\\/\\\/oserchanger.com\\\/blogue_2\\\/2021\\\/09\\\/13\\\/ecriture-rendez-vous-avec-soi-meme\\\/\",\"name\":\"L&rsquo;\u00e9criture: un rendez-vous avec soi-m\u00eame - OSERChanger.com\",\"isPartOf\":{\"@id\":\"https:\\\/\\\/oserchanger.com\\\/blogue_2\\\/#website\"},\"primaryImageOfPage\":{\"@id\":\"https:\\\/\\\/oserchanger.com\\\/blogue_2\\\/2021\\\/09\\\/13\\\/ecriture-rendez-vous-avec-soi-meme\\\/#primaryimage\"},\"image\":{\"@id\":\"https:\\\/\\\/oserchanger.com\\\/blogue_2\\\/2021\\\/09\\\/13\\\/ecriture-rendez-vous-avec-soi-meme\\\/#primaryimage\"},\"thumbnailUrl\":\"https:\\\/\\\/oserchanger.com\\\/blogue_2\\\/wp-content\\\/uploads\\\/E\u0301criture.jpg\",\"datePublished\":\"2021-09-13T16:06:56+00:00\",\"dateModified\":\"2021-11-01T17:44:57+00:00\",\"description\":\"Outil privil\u00e9gi\u00e9 de connaissance de soi, l'\u00e9criture permet une relation intime avec soi. Pourquoi \u00e9crire, comment, qu'est-ce que l'\u00e9criture expressive?\",\"breadcrumb\":{\"@id\":\"https:\\\/\\\/oserchanger.com\\\/blogue_2\\\/2021\\\/09\\\/13\\\/ecriture-rendez-vous-avec-soi-meme\\\/#breadcrumb\"},\"inLanguage\":\"fr-CA\",\"potentialAction\":[{\"@type\":\"ReadAction\",\"target\":[\"https:\\\/\\\/oserchanger.com\\\/blogue_2\\\/2021\\\/09\\\/13\\\/ecriture-rendez-vous-avec-soi-meme\\\/\"]}]},{\"@type\":\"ImageObject\",\"inLanguage\":\"fr-CA\",\"@id\":\"https:\\\/\\\/oserchanger.com\\\/blogue_2\\\/2021\\\/09\\\/13\\\/ecriture-rendez-vous-avec-soi-meme\\\/#primaryimage\",\"url\":\"https:\\\/\\\/oserchanger.com\\\/blogue_2\\\/wp-content\\\/uploads\\\/E\u0301criture.jpg\",\"contentUrl\":\"https:\\\/\\\/oserchanger.com\\\/blogue_2\\\/wp-content\\\/uploads\\\/E\u0301criture.jpg\",\"width\":822,\"height\":925,\"caption\":\"\u00c9criture\"},{\"@type\":\"BreadcrumbList\",\"@id\":\"https:\\\/\\\/oserchanger.com\\\/blogue_2\\\/2021\\\/09\\\/13\\\/ecriture-rendez-vous-avec-soi-meme\\\/#breadcrumb\",\"itemListElement\":[{\"@type\":\"ListItem\",\"position\":1,\"name\":\"Accueil\",\"item\":\"https:\\\/\\\/oserchanger.com\\\/blogue_2\\\/\"},{\"@type\":\"ListItem\",\"position\":2,\"name\":\"L&rsquo;\u00e9criture: un rendez-vous avec soi-m\u00eame\"}]},{\"@type\":\"WebSite\",\"@id\":\"https:\\\/\\\/oserchanger.com\\\/blogue_2\\\/#website\",\"url\":\"https:\\\/\\\/oserchanger.com\\\/blogue_2\\\/\",\"name\":\"OSERChanger.com\",\"description\":\"Personne ne peut diriger le vent, mais on peut apprendre \u00e0 ajuster nos voiles\",\"publisher\":{\"@id\":\"https:\\\/\\\/oserchanger.com\\\/blogue_2\\\/#\\\/schema\\\/person\\\/636bcde66d5c660902438fec7e0f2fd2\"},\"potentialAction\":[{\"@type\":\"SearchAction\",\"target\":{\"@type\":\"EntryPoint\",\"urlTemplate\":\"https:\\\/\\\/oserchanger.com\\\/blogue_2\\\/?s={search_term_string}\"},\"query-input\":{\"@type\":\"PropertyValueSpecification\",\"valueRequired\":true,\"valueName\":\"search_term_string\"}}],\"inLanguage\":\"fr-CA\"},{\"@type\":[\"Person\",\"Organization\"],\"@id\":\"https:\\\/\\\/oserchanger.com\\\/blogue_2\\\/#\\\/schema\\\/person\\\/636bcde66d5c660902438fec7e0f2fd2\",\"name\":\"Marc Vachon, m.ps.\",\"image\":{\"@type\":\"ImageObject\",\"inLanguage\":\"fr-CA\",\"@id\":\"https:\\\/\\\/oserchanger.com\\\/blogue_2\\\/wp-content\\\/uploads\\\/Marc_ress_pro_300_300-150x1501.jpg\",\"url\":\"https:\\\/\\\/oserchanger.com\\\/blogue_2\\\/wp-content\\\/uploads\\\/Marc_ress_pro_300_300-150x1501.jpg\",\"contentUrl\":\"https:\\\/\\\/oserchanger.com\\\/blogue_2\\\/wp-content\\\/uploads\\\/Marc_ress_pro_300_300-150x1501.jpg\",\"width\":150,\"height\":150,\"caption\":\"Marc Vachon, m.ps.\"},\"logo\":{\"@id\":\"https:\\\/\\\/oserchanger.com\\\/blogue_2\\\/wp-content\\\/uploads\\\/Marc_ress_pro_300_300-150x1501.jpg\"},\"description\":\"Marc Vachon est passionn\u00e9 par la recherche de moyens pratiques pour \u00eatre heureux et traverser activement les changements. Il a \u0153uvr\u00e9 comme enseignant, psychologue, conf\u00e9rencier et formateur. Il est l'auteur de Oser changer. Mettre le cap sur ses r\u00eaves et de Lacher prise. Prendre de l\u2019altitude.\",\"sameAs\":[\"http:\\\/\\\/oserchanger.com\",\"https:\\\/\\\/www.facebook.com\\\/OserChanger\",\"https:\\\/\\\/www.linkedin.com\\\/in\\\/marc-vachon-m-ps-10988311\",\"https:\\\/\\\/www.pinterest.ca\\\/oserchanger\\\/\",\"https:\\\/\\\/x.com\\\/marcvachon\"],\"url\":\"https:\\\/\\\/oserchanger.com\\\/blogue_2\\\/author\\\/admin\\\/\"}]}<\/script>\n<!-- \/ Yoast SEO plugin. -->","yoast_head_json":{"title":"L&rsquo;\u00e9criture: un rendez-vous avec soi-m\u00eame - OSERChanger.com","description":"Outil privil\u00e9gi\u00e9 de connaissance de soi, l'\u00e9criture permet une relation intime avec soi. Pourquoi \u00e9crire, comment, qu'est-ce que l'\u00e9criture expressive?","robots":{"index":"index","follow":"follow","max-snippet":"max-snippet:-1","max-image-preview":"max-image-preview:large","max-video-preview":"max-video-preview:-1"},"canonical":"https:\/\/oserchanger.com\/blogue_2\/2021\/09\/13\/ecriture-rendez-vous-avec-soi-meme\/","og_locale":"fr_CA","og_type":"article","og_title":"L&rsquo;\u00e9criture: un rendez-vous avec soi-m\u00eame - OSERChanger.com","og_description":"Outil privil\u00e9gi\u00e9 de connaissance de soi, l'\u00e9criture permet une relation intime avec soi. Pourquoi \u00e9crire, comment, qu'est-ce que l'\u00e9criture expressive?","og_url":"https:\/\/oserchanger.com\/blogue_2\/2021\/09\/13\/ecriture-rendez-vous-avec-soi-meme\/","og_site_name":"OSERChanger.com","article_publisher":"https:\/\/www.facebook.com\/OserChanger","article_author":"https:\/\/www.facebook.com\/OserChanger","article_published_time":"2021-09-13T16:06:56+00:00","article_modified_time":"2021-11-01T17:44:57+00:00","og_image":[{"width":822,"height":925,"url":"https:\/\/oserchanger.com\/blogue_2\/wp-content\/uploads\/E\u0301criture.jpg","type":"image\/jpeg"}],"author":"Marc Vachon, m.ps.","twitter_card":"summary_large_image","twitter_creator":"@marcvachon","twitter_site":"@marcvachon","twitter_misc":{"\u00c9crit par":"Marc Vachon, m.ps.","Estimation du temps de lecture":"4 minutes"},"schema":{"@context":"https:\/\/schema.org","@graph":[{"@type":"Article","@id":"https:\/\/oserchanger.com\/blogue_2\/2021\/09\/13\/ecriture-rendez-vous-avec-soi-meme\/#article","isPartOf":{"@id":"https:\/\/oserchanger.com\/blogue_2\/2021\/09\/13\/ecriture-rendez-vous-avec-soi-meme\/"},"author":{"name":"Marc Vachon, m.ps.","@id":"https:\/\/oserchanger.com\/blogue_2\/#\/schema\/person\/636bcde66d5c660902438fec7e0f2fd2"},"headline":"L&rsquo;\u00e9criture: un rendez-vous avec soi-m\u00eame","datePublished":"2021-09-13T16:06:56+00:00","dateModified":"2021-11-01T17:44:57+00:00","mainEntityOfPage":{"@id":"https:\/\/oserchanger.com\/blogue_2\/2021\/09\/13\/ecriture-rendez-vous-avec-soi-meme\/"},"wordCount":1082,"commentCount":0,"publisher":{"@id":"https:\/\/oserchanger.com\/blogue_2\/#\/schema\/person\/636bcde66d5c660902438fec7e0f2fd2"},"image":{"@id":"https:\/\/oserchanger.com\/blogue_2\/2021\/09\/13\/ecriture-rendez-vous-avec-soi-meme\/#primaryimage"},"thumbnailUrl":"https:\/\/oserchanger.com\/blogue_2\/wp-content\/uploads\/E\u0301criture.jpg","articleSection":["Stress, \u00e9motions &amp; sant\u00e9 mentale"],"inLanguage":"fr-CA","potentialAction":[{"@type":"CommentAction","name":"Comment","target":["https:\/\/oserchanger.com\/blogue_2\/2021\/09\/13\/ecriture-rendez-vous-avec-soi-meme\/#respond"]}]},{"@type":"WebPage","@id":"https:\/\/oserchanger.com\/blogue_2\/2021\/09\/13\/ecriture-rendez-vous-avec-soi-meme\/","url":"https:\/\/oserchanger.com\/blogue_2\/2021\/09\/13\/ecriture-rendez-vous-avec-soi-meme\/","name":"L&rsquo;\u00e9criture: un rendez-vous avec soi-m\u00eame - OSERChanger.com","isPartOf":{"@id":"https:\/\/oserchanger.com\/blogue_2\/#website"},"primaryImageOfPage":{"@id":"https:\/\/oserchanger.com\/blogue_2\/2021\/09\/13\/ecriture-rendez-vous-avec-soi-meme\/#primaryimage"},"image":{"@id":"https:\/\/oserchanger.com\/blogue_2\/2021\/09\/13\/ecriture-rendez-vous-avec-soi-meme\/#primaryimage"},"thumbnailUrl":"https:\/\/oserchanger.com\/blogue_2\/wp-content\/uploads\/E\u0301criture.jpg","datePublished":"2021-09-13T16:06:56+00:00","dateModified":"2021-11-01T17:44:57+00:00","description":"Outil privil\u00e9gi\u00e9 de connaissance de soi, l'\u00e9criture permet une relation intime avec soi. Pourquoi \u00e9crire, comment, qu'est-ce que l'\u00e9criture expressive?","breadcrumb":{"@id":"https:\/\/oserchanger.com\/blogue_2\/2021\/09\/13\/ecriture-rendez-vous-avec-soi-meme\/#breadcrumb"},"inLanguage":"fr-CA","potentialAction":[{"@type":"ReadAction","target":["https:\/\/oserchanger.com\/blogue_2\/2021\/09\/13\/ecriture-rendez-vous-avec-soi-meme\/"]}]},{"@type":"ImageObject","inLanguage":"fr-CA","@id":"https:\/\/oserchanger.com\/blogue_2\/2021\/09\/13\/ecriture-rendez-vous-avec-soi-meme\/#primaryimage","url":"https:\/\/oserchanger.com\/blogue_2\/wp-content\/uploads\/E\u0301criture.jpg","contentUrl":"https:\/\/oserchanger.com\/blogue_2\/wp-content\/uploads\/E\u0301criture.jpg","width":822,"height":925,"caption":"\u00c9criture"},{"@type":"BreadcrumbList","@id":"https:\/\/oserchanger.com\/blogue_2\/2021\/09\/13\/ecriture-rendez-vous-avec-soi-meme\/#breadcrumb","itemListElement":[{"@type":"ListItem","position":1,"name":"Accueil","item":"https:\/\/oserchanger.com\/blogue_2\/"},{"@type":"ListItem","position":2,"name":"L&rsquo;\u00e9criture: un rendez-vous avec soi-m\u00eame"}]},{"@type":"WebSite","@id":"https:\/\/oserchanger.com\/blogue_2\/#website","url":"https:\/\/oserchanger.com\/blogue_2\/","name":"OSERChanger.com","description":"Personne ne peut diriger le vent, mais on peut apprendre \u00e0 ajuster nos voiles","publisher":{"@id":"https:\/\/oserchanger.com\/blogue_2\/#\/schema\/person\/636bcde66d5c660902438fec7e0f2fd2"},"potentialAction":[{"@type":"SearchAction","target":{"@type":"EntryPoint","urlTemplate":"https:\/\/oserchanger.com\/blogue_2\/?s={search_term_string}"},"query-input":{"@type":"PropertyValueSpecification","valueRequired":true,"valueName":"search_term_string"}}],"inLanguage":"fr-CA"},{"@type":["Person","Organization"],"@id":"https:\/\/oserchanger.com\/blogue_2\/#\/schema\/person\/636bcde66d5c660902438fec7e0f2fd2","name":"Marc Vachon, m.ps.","image":{"@type":"ImageObject","inLanguage":"fr-CA","@id":"https:\/\/oserchanger.com\/blogue_2\/wp-content\/uploads\/Marc_ress_pro_300_300-150x1501.jpg","url":"https:\/\/oserchanger.com\/blogue_2\/wp-content\/uploads\/Marc_ress_pro_300_300-150x1501.jpg","contentUrl":"https:\/\/oserchanger.com\/blogue_2\/wp-content\/uploads\/Marc_ress_pro_300_300-150x1501.jpg","width":150,"height":150,"caption":"Marc Vachon, m.ps."},"logo":{"@id":"https:\/\/oserchanger.com\/blogue_2\/wp-content\/uploads\/Marc_ress_pro_300_300-150x1501.jpg"},"description":"Marc Vachon est passionn\u00e9 par la recherche de moyens pratiques pour \u00eatre heureux et traverser activement les changements. Il a \u0153uvr\u00e9 comme enseignant, psychologue, conf\u00e9rencier et formateur. Il est l'auteur de Oser changer. Mettre le cap sur ses r\u00eaves et de Lacher prise. Prendre de l\u2019altitude.","sameAs":["http:\/\/oserchanger.com","https:\/\/www.facebook.com\/OserChanger","https:\/\/www.linkedin.com\/in\/marc-vachon-m-ps-10988311","https:\/\/www.pinterest.ca\/oserchanger\/","https:\/\/x.com\/marcvachon"],"url":"https:\/\/oserchanger.com\/blogue_2\/author\/admin\/"}]}},"jetpack_sharing_enabled":true,"jetpack_featured_media_url":"https:\/\/oserchanger.com\/blogue_2\/wp-content\/uploads\/E\u0301criture.jpg","_links":{"self":[{"href":"https:\/\/oserchanger.com\/blogue_2\/wp-json\/wp\/v2\/posts\/27723","targetHints":{"allow":["GET"]}}],"collection":[{"href":"https:\/\/oserchanger.com\/blogue_2\/wp-json\/wp\/v2\/posts"}],"about":[{"href":"https:\/\/oserchanger.com\/blogue_2\/wp-json\/wp\/v2\/types\/post"}],"author":[{"embeddable":true,"href":"https:\/\/oserchanger.com\/blogue_2\/wp-json\/wp\/v2\/users\/9"}],"replies":[{"embeddable":true,"href":"https:\/\/oserchanger.com\/blogue_2\/wp-json\/wp\/v2\/comments?post=27723"}],"version-history":[{"count":0,"href":"https:\/\/oserchanger.com\/blogue_2\/wp-json\/wp\/v2\/posts\/27723\/revisions"}],"wp:featuredmedia":[{"embeddable":true,"href":"https:\/\/oserchanger.com\/blogue_2\/wp-json\/wp\/v2\/media\/27744"}],"wp:attachment":[{"href":"https:\/\/oserchanger.com\/blogue_2\/wp-json\/wp\/v2\/media?parent=27723"}],"wp:term":[{"taxonomy":"category","embeddable":true,"href":"https:\/\/oserchanger.com\/blogue_2\/wp-json\/wp\/v2\/categories?post=27723"},{"taxonomy":"post_tag","embeddable":true,"href":"https:\/\/oserchanger.com\/blogue_2\/wp-json\/wp\/v2\/tags?post=27723"}],"curies":[{"name":"wp","href":"https:\/\/api.w.org\/{rel}","templated":true}]}}