{"id":989,"date":"2011-03-28T14:36:12","date_gmt":"2011-03-28T18:36:12","guid":{"rendered":"http:\/\/oserchanger.com\/blogue_2\/?p=989"},"modified":"2025-09-26T15:24:47","modified_gmt":"2025-09-26T19:24:47","slug":"pour-faire-changement-chronique-no-6","status":"publish","type":"post","link":"https:\/\/oserchanger.com\/blogue_2\/2011\/03\/28\/pour-faire-changement-chronique-no-6\/","title":{"rendered":"Pour faire changement Chronique 6 : L&rsquo;\u00e9quilibre"},"content":{"rendered":"<p>Dans cette sixi\u00e8me chronique<em>,&nbsp;<\/em>je&nbsp;parle de l&rsquo;importance d&rsquo;accumuler des <em>cr\u00e9dits<\/em> dans tous les aspects de notre vie pour \u00eatre en mesure de r\u00e9tablir l&rsquo;\u00e9quilibre qui est rompu quand survient un changement.<\/p>\n<p>Les <em>cr\u00e9dits<\/em> sont les domaines de notre vie o\u00f9 nous avons investi de l&rsquo;\u00e9nergie, qui sont relativement bien d\u00e9velopp\u00e9s (famille, amis, sant\u00e9, etc) et sur lesquels on peut s&rsquo;appuyer quand nous vivons un changement qui nous d\u00e9s\u00e9quilibre.<\/p>\n<p>Je propose un exercice qui est une sorte de radiographie pour v\u00e9rifier l&rsquo;\u00e9quilibre qui r\u00e8gne dans les diff\u00e9rentes sph\u00e8res de notre vie; on parle des facteurs de protection, des difficult\u00e9s des changements m\u00eame heureux, de reconnaissance en milieu de travail&#8230;<\/p>\n<h2>\u200bL&rsquo;\u00e9quilibre<\/h2>\n<p>Qu&rsquo;est-ce qui est important pour vous? Quels sont les domaines de votre vie personnelle et professionnelle dans lesquels vous trouvez important d&rsquo;investir du temps et de l&rsquo;\u00e9nergie (m\u00eame si vous ne le faites pas toujours) pour \u00eatre heureux et bien dans votre peau?&nbsp; Voici les six principaux domaines que la plupart des gens veulent d\u00e9velopper dans leur vie personnelle. D\u2019abord la <em>Sant\u00e9 physique<\/em>. C\u2019est la base, ce qui sous-tend tout le reste. Cela regroupe tout ce que nous faisons pour demeurer en sant\u00e9 physique, tous nos efforts pour \u00eatre en forme, pour bien nous alimenter, pour mieux respirer, etc.&nbsp;Il y a aussi&nbsp;le domaine des <em>Finances personnelles<\/em>. On n\u2019y \u00e9chappe pas ! Et si la gestion de votre stress ou votre \u00e9quilibre \u00e9motionnel vous tient \u00e0 c\u0153ur, c\u2019est que le domaine des <em>\u00c9motions<\/em> est important pour vous aussi. Enfin, la plupart des gens ont \u00e9galement le domaine de la <em>Famille<\/em> et\/ou celui des <em>Amis<\/em>, d\u2019autres ont peut-\u00eatre celui de la <em>Spiritualit\u00e9<\/em> ou de <em>l\u2019Engagement dans la communaut\u00e9<\/em>.<\/p>\n<p>\u00c0 vous de d\u00e9cider les domaines dans lesquels il vous semble vital de consacrer du temps pour vous r\u00e9aliser.&nbsp;L&rsquo;\u00e9nergie que vous y investissez vous permet de garder un certain \u00e9quilibre. S&rsquo;il est parfois rompu par des changements qu&rsquo;on n&rsquo;a pas n\u00e9cessairement vu venir ou choisis, il demeure que si on a pris le temps d&rsquo;accumuler <em>des cr\u00e9dits<\/em> dans chacun de ces domaines, on passera mieux \u00e0 travers les changements.<\/p>\n<p>Pour aller plus loin:<\/p>\n<ul>\n<li>\u200bLe chapitre 2 de notre livr<a href=\"http:\/\/oserchanger.com\/blogue_2\/produit\/oser-changer-mettre-le-cap-sur-ses-reves\/\" rel=\"noopener\" target=\"_blank\" title=\"Oser changer et mettre le cap sur ses r\u00eaves\" style=\"outline: none;\">e<\/a><a href=\"http:\/\/oserchanger.com\/blogue_2\/produit\/oser-changer-mettre-le-cap-sur-ses-reves\/\" rel=\"noopener\" target=\"_blank\" title=\"Oser changer: mettre le cap sur ses r\u00eaves\" style=\"outline: none;\"><em>&nbsp;Oser changer: mettre le cap sur ses r\u00eaves<\/em>,<\/a> \u200bintitul\u00e9 <em>L\u2019inventaire de votre vie<\/em>\u200b vous pr\u00e9sente cet exercice en d\u00e9tails\u200b<\/li>\n<li>Voir aussi&nbsp;<a href=\"http:\/\/oserchanger.com\/blogue_2\/2014\/09\/02\/aider-personne-qui-vit-changement\/\" title=\"Aider une personne qui traverse un changement\" style=\"outline: none;\"><em>Sept moyens d&rsquo;aider une personne&nbsp;qui traverse un changement<\/em><\/a><\/li>\n<\/ul>\n<p style=\"text-align: center;\"><a href=\"https:\/\/oserchanger.com\/blogue_2\/pour-faire-changement-toutes-mes-chroniques-radiophoniques\/\" target=\"_blank\">Retrouvez toutes mes chroniques radio sur le changement ici.<\/a><\/p>\n","protected":false},"excerpt":{"rendered":"<p>Sixi\u00e8me chronique radiophoniques Pour faire changement \u00e0 Canal M sur le th\u00e8me de l&rsquo;\u00e9quilibre<\/p>\n","protected":false},"author":9,"featured_media":2430,"comment_status":"closed","ping_status":"open","sticky":false,"template":"","format":"standard","meta":{"_jetpack_newsletter_access":"","_jetpack_dont_email_post_to_subs":false,"_jetpack_newsletter_tier_id":0,"_jetpack_memberships_contains_paywalled_content":false,"_jetpack_feature_clip_id":0,"_jetpack_memberships_contains_paid_content":false,"footnotes":"","jetpack_post_was_ever_published":false,"tve_updated_post":"<div class=\"thrv_wrapper thrv_text_element\"><p>Dans cette sixi\u00e8me chronique<em>,&nbsp;<\/em>je&nbsp;parle de l'importance d'accumuler des <em>cr\u00e9dits<\/em> dans tous les aspects de notre vie pour \u00eatre en mesure de r\u00e9tablir l'\u00e9quilibre qui est rompu quand survient un changement.<\/p><p>Les <em>cr\u00e9dits<\/em> sont les domaines de notre vie o\u00f9 nous avons investi de l'\u00e9nergie, qui sont relativement bien d\u00e9velopp\u00e9s (famille, amis, sant\u00e9, etc) et sur lesquels on peut s'appuyer quand nous vivons un changement qui nous d\u00e9s\u00e9quilibre.<\/p><p>Je propose un exercice qui est une sorte de radiographie pour v\u00e9rifier l'\u00e9quilibre qui r\u00e8gne dans les diff\u00e9rentes sph\u00e8res de notre vie; on parle des facteurs de protection, des difficult\u00e9s des changements m\u00eame heureux, de reconnaissance en milieu de travail...<\/p><\/div><div class=\"thrv_audio thrv_wrapper\" data-type=\"custom\" data-no-download=\"1\">\n\t\n\n\t<div class=\"tve_audio_container\">\n\t\t<div class=\"audio_overlay\"><\/div>\n\t<audio controls=\"\" style=\"width: 100%;\" playsinline=\"\" class=\"tcb-audio\" data-title=\"Chronique no 6 sur le changement\" data-id=\"7530\" controlslist=\"nodownload\">\n\t<source src=\"https:\/\/oserchanger.com\/blogue_2\/wp-content\/uploads\/Chronique-6.mp3\" type=\"audio\/mpeg\">\n<\/audio>\n<\/div>\n<\/div><div class=\"thrv_wrapper thrv_text_element\"><h2 class=\"\">L'\u00e9quilibre<\/h2><p>Qu'est-ce qui est important pour vous? Quels sont les domaines de votre vie personnelle et professionnelle dans lesquels vous trouvez important d'investir du temps et de l'\u00e9nergie (m\u00eame si vous ne le faites pas toujours) pour \u00eatre heureux et bien dans votre peau?&nbsp; Voici les six principaux domaines que la plupart des gens veulent d\u00e9velopper dans leur vie personnelle. D\u2019abord la <em>Sant\u00e9 physique<\/em>. C\u2019est la base, ce qui sous-tend tout le reste. Cela regroupe tout ce que nous faisons pour demeurer en sant\u00e9 physique, tous nos efforts pour \u00eatre en forme, pour bien nous alimenter, pour mieux respirer, etc.&nbsp;Il y a aussi&nbsp;le domaine des <em>Finances personnelles<\/em>. On n\u2019y \u00e9chappe pas ! Et si la gestion de votre stress ou votre \u00e9quilibre \u00e9motionnel vous tient \u00e0 c\u0153ur, c\u2019est que le domaine des <em>\u00c9motions<\/em> est important pour vous aussi. Enfin, la plupart des gens ont \u00e9galement le domaine de la <em>Famille<\/em> et\/ou celui des <em>Amis<\/em>, d\u2019autres ont peut-\u00eatre celui de la <em>Spiritualit\u00e9<\/em> ou de <em>l\u2019Engagement dans la communaut\u00e9<\/em>.<\/p><p>\u00c0 vous de d\u00e9cider les domaines dans lesquels il vous semble vital de consacrer du temps pour vous r\u00e9aliser.&nbsp;L'\u00e9nergie que vous y investissez vous permet de garder un certain \u00e9quilibre. S'il est parfois rompu par des changements qu'on n'a pas n\u00e9cessairement vu venir ou choisis, il demeure que si on a pris le temps d'accumuler <em>des cr\u00e9dits<\/em> dans chacun de ces domaines, on passera mieux \u00e0 travers les changements.<\/p><p>Pour aller plus loin:<\/p><ul><li>Le chapitre 2 de notre livr<a href=\"http:\/\/oserchanger.com\/blogue_2\/produit\/oser-changer-mettre-le-cap-sur-ses-reves\/\" rel=\"noopener\" target=\"_blank\" title=\"Oser changer et mettre le cap sur ses r\u00eaves\" class=\"\" style=\"outline: none;\">e<\/a><a href=\"http:\/\/oserchanger.com\/blogue_2\/produit\/oser-changer-mettre-le-cap-sur-ses-reves\/\" rel=\"noopener\" target=\"_blank\" title=\"Oser changer: mettre le cap sur ses r\u00eaves\" class=\"\" style=\"outline: none;\"><em>&nbsp;Oser changer: mettre le cap sur ses r\u00eaves<\/em>,<\/a> intitul\u00e9 <em>L\u2019inventaire de votre vie<\/em> vous pr\u00e9sente cet exercice en d\u00e9tails<\/li><li>Voir aussi&nbsp;<a href=\"http:\/\/oserchanger.com\/blogue_2\/2014\/09\/02\/aider-personne-qui-vit-changement\/\" title=\"Aider une personne qui traverse un changement\" class=\"\" style=\"outline: none;\"><em>Sept moyens d'aider une personne&nbsp;qui traverse un changement<\/em><\/a><\/li><\/ul><p style=\"text-align: center;\"><a href=\"https:\/\/oserchanger.com\/blogue_2\/pour-faire-changement-toutes-mes-chroniques-radiophoniques\/\" target=\"_blank\">Retrouvez toutes mes chroniques radio sur le changement ici.<\/a><\/p><\/div>","tve_custom_css":"@media (min-width: 300px){.tcb-post-list[data-css=\"tve-u-17402d52573\"] .post-wrapper.thrv_wrapper { width: calc(50% - 10px); }.tcb-post-list[data-css=\"tve-u-17402d52573\"] .post-wrapper.thrv_wrapper:nth-child(n+3) { margin-top: 20px !important; }.tcb-post-list[data-css=\"tve-u-17402d52573\"] .post-wrapper.thrv_wrapper:not(:nth-child(n+3)) { margin-top: 0px !important; }.tcb-post-list[data-css=\"tve-u-17402d52573\"] .post-wrapper.thrv_wrapper:not(:nth-child(2n)) { margin-right: 20px !important; }.tcb-post-list[data-css=\"tve-u-17402d52573\"] .post-wrapper.thrv_wrapper:nth-child(2n) { margin-right: 0px !important; }}","tve_user_custom_css":"","tve_globals":{"e":"1","font_cls":[]},"tcb2_ready":1,"tcb_editor_enabled":1,"tve_landing_page":"","_tve_header":"","_tve_footer":""},"categories":[468,114],"tags":[144,7],"class_list":["post-989","post","type-post","status-publish","format-standard","has-post-thumbnail","hentry","category-le-changement","category-medias","tag-equilibre","tag-marc-vachon","post-wrapper","thrv_wrapper"],"yoast_head":"<!-- This site is optimized with the Yoast SEO plugin v28.3 - https:\/\/yoast.com\/product\/yoast-seo-wordpress\/ -->\n<title>Pour faire changement Chronique 6 : L&#039;\u00e9quilibre - OSERChanger.com<\/title>\n<meta name=\"robots\" content=\"index, follow, max-snippet:-1, max-image-preview:large, max-video-preview:-1\" \/>\n<link rel=\"canonical\" href=\"https:\/\/oserchanger.com\/blogue_2\/2011\/03\/28\/pour-faire-changement-chronique-no-6\/\" \/>\n<meta property=\"og:locale\" content=\"fr_CA\" \/>\n<meta property=\"og:type\" content=\"article\" \/>\n<meta property=\"og:title\" content=\"Pour faire changement Chronique 6 : L&#039;\u00e9quilibre - OSERChanger.com\" \/>\n<meta property=\"og:description\" content=\"Sixi\u00e8me chronique radiophoniques Pour faire changement \u00e0 Canal M sur le th\u00e8me de l&#039;\u00e9quilibre\" \/>\n<meta property=\"og:url\" content=\"https:\/\/oserchanger.com\/blogue_2\/2011\/03\/28\/pour-faire-changement-chronique-no-6\/\" \/>\n<meta property=\"og:site_name\" content=\"OSERChanger.com\" \/>\n<meta property=\"article:publisher\" content=\"https:\/\/www.facebook.com\/OserChanger\" \/>\n<meta property=\"article:author\" content=\"https:\/\/www.facebook.com\/OserChanger\" \/>\n<meta property=\"article:published_time\" content=\"2011-03-28T18:36:12+00:00\" \/>\n<meta property=\"article:modified_time\" content=\"2025-09-26T19:24:47+00:00\" \/>\n<meta property=\"og:image\" content=\"https:\/\/oserchanger.com\/blogue_2\/wp-content\/uploads\/changement_boules.png\" \/>\n\t<meta property=\"og:image:width\" content=\"400\" \/>\n\t<meta property=\"og:image:height\" content=\"300\" \/>\n\t<meta property=\"og:image:type\" content=\"image\/png\" \/>\n<meta name=\"author\" content=\"Marc Vachon, m.ps.\" \/>\n<meta name=\"twitter:card\" content=\"summary_large_image\" \/>\n<meta name=\"twitter:creator\" content=\"@marcvachon\" \/>\n<meta name=\"twitter:site\" content=\"@marcvachon\" \/>\n<meta name=\"twitter:label1\" content=\"\u00c9crit par\" \/>\n\t<meta name=\"twitter:data1\" content=\"Marc Vachon, m.ps.\" \/>\n\t<meta name=\"twitter:label2\" content=\"Estimation du temps de lecture\" \/>\n\t<meta name=\"twitter:data2\" content=\"2 minutes\" \/>\n<script type=\"application\/ld+json\" class=\"yoast-schema-graph\">{\"@context\":\"https:\\\/\\\/schema.org\",\"@graph\":[{\"@type\":\"Article\",\"@id\":\"https:\\\/\\\/oserchanger.com\\\/blogue_2\\\/2011\\\/03\\\/28\\\/pour-faire-changement-chronique-no-6\\\/#article\",\"isPartOf\":{\"@id\":\"https:\\\/\\\/oserchanger.com\\\/blogue_2\\\/2011\\\/03\\\/28\\\/pour-faire-changement-chronique-no-6\\\/\"},\"author\":{\"name\":\"Marc Vachon, m.ps.\",\"@id\":\"https:\\\/\\\/oserchanger.com\\\/blogue_2\\\/#\\\/schema\\\/person\\\/636bcde66d5c660902438fec7e0f2fd2\"},\"headline\":\"Pour faire changement Chronique 6 : L&rsquo;\u00e9quilibre\",\"datePublished\":\"2011-03-28T18:36:12+00:00\",\"dateModified\":\"2025-09-26T19:24:47+00:00\",\"mainEntityOfPage\":{\"@id\":\"https:\\\/\\\/oserchanger.com\\\/blogue_2\\\/2011\\\/03\\\/28\\\/pour-faire-changement-chronique-no-6\\\/\"},\"wordCount\":456,\"publisher\":{\"@id\":\"https:\\\/\\\/oserchanger.com\\\/blogue_2\\\/#\\\/schema\\\/person\\\/636bcde66d5c660902438fec7e0f2fd2\"},\"image\":{\"@id\":\"https:\\\/\\\/oserchanger.com\\\/blogue_2\\\/2011\\\/03\\\/28\\\/pour-faire-changement-chronique-no-6\\\/#primaryimage\"},\"thumbnailUrl\":\"https:\\\/\\\/oserchanger.com\\\/blogue_2\\\/wp-content\\\/uploads\\\/changement_boules.png\",\"keywords\":[\"\u00e9quilibre\",\"Marc Vachon\"],\"articleSection\":[\"Le changement\",\"M\u00e9dias\"],\"inLanguage\":\"fr-CA\"},{\"@type\":\"WebPage\",\"@id\":\"https:\\\/\\\/oserchanger.com\\\/blogue_2\\\/2011\\\/03\\\/28\\\/pour-faire-changement-chronique-no-6\\\/\",\"url\":\"https:\\\/\\\/oserchanger.com\\\/blogue_2\\\/2011\\\/03\\\/28\\\/pour-faire-changement-chronique-no-6\\\/\",\"name\":\"Pour faire changement Chronique 6 : L'\u00e9quilibre - OSERChanger.com\",\"isPartOf\":{\"@id\":\"https:\\\/\\\/oserchanger.com\\\/blogue_2\\\/#website\"},\"primaryImageOfPage\":{\"@id\":\"https:\\\/\\\/oserchanger.com\\\/blogue_2\\\/2011\\\/03\\\/28\\\/pour-faire-changement-chronique-no-6\\\/#primaryimage\"},\"image\":{\"@id\":\"https:\\\/\\\/oserchanger.com\\\/blogue_2\\\/2011\\\/03\\\/28\\\/pour-faire-changement-chronique-no-6\\\/#primaryimage\"},\"thumbnailUrl\":\"https:\\\/\\\/oserchanger.com\\\/blogue_2\\\/wp-content\\\/uploads\\\/changement_boules.png\",\"datePublished\":\"2011-03-28T18:36:12+00:00\",\"dateModified\":\"2025-09-26T19:24:47+00:00\",\"breadcrumb\":{\"@id\":\"https:\\\/\\\/oserchanger.com\\\/blogue_2\\\/2011\\\/03\\\/28\\\/pour-faire-changement-chronique-no-6\\\/#breadcrumb\"},\"inLanguage\":\"fr-CA\",\"potentialAction\":[{\"@type\":\"ReadAction\",\"target\":[\"https:\\\/\\\/oserchanger.com\\\/blogue_2\\\/2011\\\/03\\\/28\\\/pour-faire-changement-chronique-no-6\\\/\"]}]},{\"@type\":\"ImageObject\",\"inLanguage\":\"fr-CA\",\"@id\":\"https:\\\/\\\/oserchanger.com\\\/blogue_2\\\/2011\\\/03\\\/28\\\/pour-faire-changement-chronique-no-6\\\/#primaryimage\",\"url\":\"https:\\\/\\\/oserchanger.com\\\/blogue_2\\\/wp-content\\\/uploads\\\/changement_boules.png\",\"contentUrl\":\"https:\\\/\\\/oserchanger.com\\\/blogue_2\\\/wp-content\\\/uploads\\\/changement_boules.png\",\"width\":400,\"height\":300,\"caption\":\"\u00e9motions\"},{\"@type\":\"BreadcrumbList\",\"@id\":\"https:\\\/\\\/oserchanger.com\\\/blogue_2\\\/2011\\\/03\\\/28\\\/pour-faire-changement-chronique-no-6\\\/#breadcrumb\",\"itemListElement\":[{\"@type\":\"ListItem\",\"position\":1,\"name\":\"Accueil\",\"item\":\"https:\\\/\\\/oserchanger.com\\\/blogue_2\\\/\"},{\"@type\":\"ListItem\",\"position\":2,\"name\":\"Pour faire changement Chronique 6 : L&rsquo;\u00e9quilibre\"}]},{\"@type\":\"WebSite\",\"@id\":\"https:\\\/\\\/oserchanger.com\\\/blogue_2\\\/#website\",\"url\":\"https:\\\/\\\/oserchanger.com\\\/blogue_2\\\/\",\"name\":\"OSERChanger.com\",\"description\":\"Personne ne peut diriger le vent, mais on peut apprendre \u00e0 ajuster nos voiles\",\"publisher\":{\"@id\":\"https:\\\/\\\/oserchanger.com\\\/blogue_2\\\/#\\\/schema\\\/person\\\/636bcde66d5c660902438fec7e0f2fd2\"},\"potentialAction\":[{\"@type\":\"SearchAction\",\"target\":{\"@type\":\"EntryPoint\",\"urlTemplate\":\"https:\\\/\\\/oserchanger.com\\\/blogue_2\\\/?s={search_term_string}\"},\"query-input\":{\"@type\":\"PropertyValueSpecification\",\"valueRequired\":true,\"valueName\":\"search_term_string\"}}],\"inLanguage\":\"fr-CA\"},{\"@type\":[\"Person\",\"Organization\"],\"@id\":\"https:\\\/\\\/oserchanger.com\\\/blogue_2\\\/#\\\/schema\\\/person\\\/636bcde66d5c660902438fec7e0f2fd2\",\"name\":\"Marc Vachon, m.ps.\",\"image\":{\"@type\":\"ImageObject\",\"inLanguage\":\"fr-CA\",\"@id\":\"https:\\\/\\\/oserchanger.com\\\/blogue_2\\\/wp-content\\\/uploads\\\/Marc_ress_pro_300_300-150x1501.jpg\",\"url\":\"https:\\\/\\\/oserchanger.com\\\/blogue_2\\\/wp-content\\\/uploads\\\/Marc_ress_pro_300_300-150x1501.jpg\",\"contentUrl\":\"https:\\\/\\\/oserchanger.com\\\/blogue_2\\\/wp-content\\\/uploads\\\/Marc_ress_pro_300_300-150x1501.jpg\",\"width\":150,\"height\":150,\"caption\":\"Marc Vachon, m.ps.\"},\"logo\":{\"@id\":\"https:\\\/\\\/oserchanger.com\\\/blogue_2\\\/wp-content\\\/uploads\\\/Marc_ress_pro_300_300-150x1501.jpg\"},\"description\":\"Marc Vachon est passionn\u00e9 par la recherche de moyens pratiques pour \u00eatre heureux et traverser activement les changements. Il a \u0153uvr\u00e9 comme enseignant, psychologue, conf\u00e9rencier et formateur. Il est l'auteur de Oser changer. Mettre le cap sur ses r\u00eaves et de Lacher prise. Prendre de l\u2019altitude.\",\"sameAs\":[\"http:\\\/\\\/oserchanger.com\",\"https:\\\/\\\/www.facebook.com\\\/OserChanger\",\"https:\\\/\\\/www.linkedin.com\\\/in\\\/marc-vachon-m-ps-10988311\",\"https:\\\/\\\/www.pinterest.ca\\\/oserchanger\\\/\",\"https:\\\/\\\/x.com\\\/marcvachon\"],\"url\":\"https:\\\/\\\/oserchanger.com\\\/blogue_2\\\/author\\\/admin\\\/\"}]}<\/script>\n<!-- \/ Yoast SEO plugin. -->","yoast_head_json":{"title":"Pour faire changement Chronique 6 : L'\u00e9quilibre - OSERChanger.com","robots":{"index":"index","follow":"follow","max-snippet":"max-snippet:-1","max-image-preview":"max-image-preview:large","max-video-preview":"max-video-preview:-1"},"canonical":"https:\/\/oserchanger.com\/blogue_2\/2011\/03\/28\/pour-faire-changement-chronique-no-6\/","og_locale":"fr_CA","og_type":"article","og_title":"Pour faire changement Chronique 6 : L'\u00e9quilibre - OSERChanger.com","og_description":"Sixi\u00e8me chronique radiophoniques Pour faire changement \u00e0 Canal M sur le th\u00e8me de l'\u00e9quilibre","og_url":"https:\/\/oserchanger.com\/blogue_2\/2011\/03\/28\/pour-faire-changement-chronique-no-6\/","og_site_name":"OSERChanger.com","article_publisher":"https:\/\/www.facebook.com\/OserChanger","article_author":"https:\/\/www.facebook.com\/OserChanger","article_published_time":"2011-03-28T18:36:12+00:00","article_modified_time":"2025-09-26T19:24:47+00:00","og_image":[{"width":400,"height":300,"url":"https:\/\/oserchanger.com\/blogue_2\/wp-content\/uploads\/changement_boules.png","type":"image\/png"}],"author":"Marc Vachon, m.ps.","twitter_card":"summary_large_image","twitter_creator":"@marcvachon","twitter_site":"@marcvachon","twitter_misc":{"\u00c9crit par":"Marc Vachon, m.ps.","Estimation du temps de lecture":"2 minutes"},"schema":{"@context":"https:\/\/schema.org","@graph":[{"@type":"Article","@id":"https:\/\/oserchanger.com\/blogue_2\/2011\/03\/28\/pour-faire-changement-chronique-no-6\/#article","isPartOf":{"@id":"https:\/\/oserchanger.com\/blogue_2\/2011\/03\/28\/pour-faire-changement-chronique-no-6\/"},"author":{"name":"Marc Vachon, m.ps.","@id":"https:\/\/oserchanger.com\/blogue_2\/#\/schema\/person\/636bcde66d5c660902438fec7e0f2fd2"},"headline":"Pour faire changement Chronique 6 : L&rsquo;\u00e9quilibre","datePublished":"2011-03-28T18:36:12+00:00","dateModified":"2025-09-26T19:24:47+00:00","mainEntityOfPage":{"@id":"https:\/\/oserchanger.com\/blogue_2\/2011\/03\/28\/pour-faire-changement-chronique-no-6\/"},"wordCount":456,"publisher":{"@id":"https:\/\/oserchanger.com\/blogue_2\/#\/schema\/person\/636bcde66d5c660902438fec7e0f2fd2"},"image":{"@id":"https:\/\/oserchanger.com\/blogue_2\/2011\/03\/28\/pour-faire-changement-chronique-no-6\/#primaryimage"},"thumbnailUrl":"https:\/\/oserchanger.com\/blogue_2\/wp-content\/uploads\/changement_boules.png","keywords":["\u00e9quilibre","Marc Vachon"],"articleSection":["Le changement","M\u00e9dias"],"inLanguage":"fr-CA"},{"@type":"WebPage","@id":"https:\/\/oserchanger.com\/blogue_2\/2011\/03\/28\/pour-faire-changement-chronique-no-6\/","url":"https:\/\/oserchanger.com\/blogue_2\/2011\/03\/28\/pour-faire-changement-chronique-no-6\/","name":"Pour faire changement Chronique 6 : L'\u00e9quilibre - OSERChanger.com","isPartOf":{"@id":"https:\/\/oserchanger.com\/blogue_2\/#website"},"primaryImageOfPage":{"@id":"https:\/\/oserchanger.com\/blogue_2\/2011\/03\/28\/pour-faire-changement-chronique-no-6\/#primaryimage"},"image":{"@id":"https:\/\/oserchanger.com\/blogue_2\/2011\/03\/28\/pour-faire-changement-chronique-no-6\/#primaryimage"},"thumbnailUrl":"https:\/\/oserchanger.com\/blogue_2\/wp-content\/uploads\/changement_boules.png","datePublished":"2011-03-28T18:36:12+00:00","dateModified":"2025-09-26T19:24:47+00:00","breadcrumb":{"@id":"https:\/\/oserchanger.com\/blogue_2\/2011\/03\/28\/pour-faire-changement-chronique-no-6\/#breadcrumb"},"inLanguage":"fr-CA","potentialAction":[{"@type":"ReadAction","target":["https:\/\/oserchanger.com\/blogue_2\/2011\/03\/28\/pour-faire-changement-chronique-no-6\/"]}]},{"@type":"ImageObject","inLanguage":"fr-CA","@id":"https:\/\/oserchanger.com\/blogue_2\/2011\/03\/28\/pour-faire-changement-chronique-no-6\/#primaryimage","url":"https:\/\/oserchanger.com\/blogue_2\/wp-content\/uploads\/changement_boules.png","contentUrl":"https:\/\/oserchanger.com\/blogue_2\/wp-content\/uploads\/changement_boules.png","width":400,"height":300,"caption":"\u00e9motions"},{"@type":"BreadcrumbList","@id":"https:\/\/oserchanger.com\/blogue_2\/2011\/03\/28\/pour-faire-changement-chronique-no-6\/#breadcrumb","itemListElement":[{"@type":"ListItem","position":1,"name":"Accueil","item":"https:\/\/oserchanger.com\/blogue_2\/"},{"@type":"ListItem","position":2,"name":"Pour faire changement Chronique 6 : L&rsquo;\u00e9quilibre"}]},{"@type":"WebSite","@id":"https:\/\/oserchanger.com\/blogue_2\/#website","url":"https:\/\/oserchanger.com\/blogue_2\/","name":"OSERChanger.com","description":"Personne ne peut diriger le vent, mais on peut apprendre \u00e0 ajuster nos voiles","publisher":{"@id":"https:\/\/oserchanger.com\/blogue_2\/#\/schema\/person\/636bcde66d5c660902438fec7e0f2fd2"},"potentialAction":[{"@type":"SearchAction","target":{"@type":"EntryPoint","urlTemplate":"https:\/\/oserchanger.com\/blogue_2\/?s={search_term_string}"},"query-input":{"@type":"PropertyValueSpecification","valueRequired":true,"valueName":"search_term_string"}}],"inLanguage":"fr-CA"},{"@type":["Person","Organization"],"@id":"https:\/\/oserchanger.com\/blogue_2\/#\/schema\/person\/636bcde66d5c660902438fec7e0f2fd2","name":"Marc Vachon, m.ps.","image":{"@type":"ImageObject","inLanguage":"fr-CA","@id":"https:\/\/oserchanger.com\/blogue_2\/wp-content\/uploads\/Marc_ress_pro_300_300-150x1501.jpg","url":"https:\/\/oserchanger.com\/blogue_2\/wp-content\/uploads\/Marc_ress_pro_300_300-150x1501.jpg","contentUrl":"https:\/\/oserchanger.com\/blogue_2\/wp-content\/uploads\/Marc_ress_pro_300_300-150x1501.jpg","width":150,"height":150,"caption":"Marc Vachon, m.ps."},"logo":{"@id":"https:\/\/oserchanger.com\/blogue_2\/wp-content\/uploads\/Marc_ress_pro_300_300-150x1501.jpg"},"description":"Marc Vachon est passionn\u00e9 par la recherche de moyens pratiques pour \u00eatre heureux et traverser activement les changements. Il a \u0153uvr\u00e9 comme enseignant, psychologue, conf\u00e9rencier et formateur. Il est l'auteur de Oser changer. Mettre le cap sur ses r\u00eaves et de Lacher prise. Prendre de l\u2019altitude.","sameAs":["http:\/\/oserchanger.com","https:\/\/www.facebook.com\/OserChanger","https:\/\/www.linkedin.com\/in\/marc-vachon-m-ps-10988311","https:\/\/www.pinterest.ca\/oserchanger\/","https:\/\/x.com\/marcvachon"],"url":"https:\/\/oserchanger.com\/blogue_2\/author\/admin\/"}]}},"jetpack_sharing_enabled":true,"jetpack_featured_media_url":"https:\/\/oserchanger.com\/blogue_2\/wp-content\/uploads\/changement_boules.png","_links":{"self":[{"href":"https:\/\/oserchanger.com\/blogue_2\/wp-json\/wp\/v2\/posts\/989","targetHints":{"allow":["GET"]}}],"collection":[{"href":"https:\/\/oserchanger.com\/blogue_2\/wp-json\/wp\/v2\/posts"}],"about":[{"href":"https:\/\/oserchanger.com\/blogue_2\/wp-json\/wp\/v2\/types\/post"}],"author":[{"embeddable":true,"href":"https:\/\/oserchanger.com\/blogue_2\/wp-json\/wp\/v2\/users\/9"}],"replies":[{"embeddable":true,"href":"https:\/\/oserchanger.com\/blogue_2\/wp-json\/wp\/v2\/comments?post=989"}],"version-history":[{"count":2,"href":"https:\/\/oserchanger.com\/blogue_2\/wp-json\/wp\/v2\/posts\/989\/revisions"}],"predecessor-version":[{"id":32908,"href":"https:\/\/oserchanger.com\/blogue_2\/wp-json\/wp\/v2\/posts\/989\/revisions\/32908"}],"wp:featuredmedia":[{"embeddable":true,"href":"https:\/\/oserchanger.com\/blogue_2\/wp-json\/wp\/v2\/media\/2430"}],"wp:attachment":[{"href":"https:\/\/oserchanger.com\/blogue_2\/wp-json\/wp\/v2\/media?parent=989"}],"wp:term":[{"taxonomy":"category","embeddable":true,"href":"https:\/\/oserchanger.com\/blogue_2\/wp-json\/wp\/v2\/categories?post=989"},{"taxonomy":"post_tag","embeddable":true,"href":"https:\/\/oserchanger.com\/blogue_2\/wp-json\/wp\/v2\/tags?post=989"}],"curies":[{"name":"wp","href":"https:\/\/api.w.org\/{rel}","templated":true}]}}